{"id":156059,"date":"2020-03-02T13:44:34","date_gmt":"2020-03-02T16:44:34","guid":{"rendered":"http:\/\/www.caririemacao.com\/1\/?p=156059"},"modified":"2020-03-02T13:44:37","modified_gmt":"2020-03-02T16:44:37","slug":"sao-jose-dos-cordeiros-adere-ao-programa-algodao-paraiba-e-produtores-comecarao-a-vender-algodao-organico-para-empresas-do-ramo","status":"publish","type":"post","link":"https:\/\/www.caririemacao.com\/1\/2020\/03\/02\/sao-jose-dos-cordeiros-adere-ao-programa-algodao-paraiba-e-produtores-comecarao-a-vender-algodao-organico-para-empresas-do-ramo\/","title":{"rendered":"S\u00e3o Jos\u00e9 dos Cordeiros adere ao programa Algod\u00e3o Para\u00edba e produtores come\u00e7ar\u00e3o a vender algod\u00e3o org\u00e2nico para empresas do ramo"},"content":{"rendered":"\n<p>A Prefeitura de S\u00e3o Jos\u00e9 dos Cordeiros continua focada na gera\u00e7\u00e3o de emprego e renda para a popula\u00e7\u00e3o do munic\u00edpio. A gest\u00e3o municipal, atrav\u00e9s do t\u00e9cnico da EMPAER Ismar Vilar, trouxe para a Capital do Mel uma nova alternativa econ\u00f4mica, que dever\u00e1 produzir ocupa\u00e7\u00e3o e renda para os habitantes da zona rural. Trata-se da ades\u00e3o ao programa Algod\u00e3o Para\u00edba, atrav\u00e9s do qual S\u00e3o Jos\u00e9 dos Cordeiros passar\u00e1 a produzir algod\u00e3o org\u00e2nico, j\u00e1 com venda garantida para grandes multinacionais.<\/p>\n\n\n\n<p>Inicialmente, a ades\u00e3o ao programa se deu atrav\u00e9s da Associa\u00e7\u00e3o da Barra do Mineiro, com 8 produtores cadastrados. Eles foram capacitados e nos pr\u00f3ximos meses estar\u00e3o plantando algod\u00e3o org\u00e2nico, dentro das regras de certifica\u00e7\u00e3o do projeto.<\/p>\n\n\n\n<p>O grande diferencial da iniciativa \u00e9 que a partir da ades\u00e3o ao programa Algod\u00e3o Para\u00edba, os produtores receberam as sementes, foram capacitados, recebem assist\u00eancia t\u00e9cnica e o melhor: j\u00e1 assinaram o contrato de venda de toda a produ\u00e7\u00e3o, o que vai assegurar resultado imediato para as fam\u00edlias de agricultores familiares.<\/p>\n\n\n\n<p>Segundo Ismar Vilar, o apoio dado pelo prefeito Jefferson Roberto e sua equipe de gest\u00e3o tem sido fundamental para o andamento do projeto e a sucesso depender\u00e1 essencialmente dos produtores, que dever\u00e3o se adaptar ao plantio de algod\u00e3o org\u00e2nico, que possui normas espec\u00edficas e \u00e9 diferente do tradicional.<\/p>\n\n\n\n<p>\u201cTenho conversado com os produtores e podemos, a partir do entusiasmo que percebo junto a eles, transformar S\u00e3o Jos\u00e9 dos Cordeiros num dos maiores produtores de algod\u00e3o org\u00e2nico da Para\u00edba\u201d, destacou o t\u00e9cnico Ismar Vilar.<\/p>\n\n\n\n<p>Para o prefeito Jefferson Roberto, deste o primeiro momento da ideia, a gest\u00e3o colocou-se inteiramente \u00e0 disposi\u00e7\u00e3o para colaborar e \u00e9 com iniciativas como essa que as potencialidades do campo e de sue povo podem de fato ser exploradas e trazer resultados pr\u00e1ticos para a popula\u00e7\u00e3o.<\/p>\n\n\n\n<p><em>Foto: Secom PB<\/em><\/p>\n","protected":false},"excerpt":{"rendered":"<p>A Prefeitura de S\u00e3o Jos\u00e9 dos Cordeiros continua focada na gera\u00e7\u00e3o de emprego e renda para a popula\u00e7\u00e3o do munic\u00edpio. A gest\u00e3o municipal, atrav\u00e9s do&hellip; <\/p>\n","protected":false},"author":2,"featured_media":156060,"comment_status":"closed","ping_status":"closed","sticky":false,"template":"","format":"standard","meta":{"sfsi_plus_gutenberg_text_before_share":"","sfsi_plus_gutenberg_show_text_before_share":"","sfsi_plus_gutenberg_icon_type":"","sfsi_plus_gutenberg_icon_alignemt":"","sfsi_plus_gutenburg_max_per_row":"","footnotes":""},"categories":[6],"tags":[],"class_list":["post-156059","post","type-post","status-publish","format-standard","has-post-thumbnail","hentry","category-cidades"],"_links":{"self":[{"href":"https:\/\/www.caririemacao.com\/1\/wp-json\/wp\/v2\/posts\/156059","targetHints":{"allow":["GET"]}}],"collection":[{"href":"https:\/\/www.caririemacao.com\/1\/wp-json\/wp\/v2\/posts"}],"about":[{"href":"https:\/\/www.caririemacao.com\/1\/wp-json\/wp\/v2\/types\/post"}],"author":[{"embeddable":true,"href":"https:\/\/www.caririemacao.com\/1\/wp-json\/wp\/v2\/users\/2"}],"replies":[{"embeddable":true,"href":"https:\/\/www.caririemacao.com\/1\/wp-json\/wp\/v2\/comments?post=156059"}],"version-history":[{"count":1,"href":"https:\/\/www.caririemacao.com\/1\/wp-json\/wp\/v2\/posts\/156059\/revisions"}],"predecessor-version":[{"id":156061,"href":"https:\/\/www.caririemacao.com\/1\/wp-json\/wp\/v2\/posts\/156059\/revisions\/156061"}],"wp:featuredmedia":[{"embeddable":true,"href":"https:\/\/www.caririemacao.com\/1\/wp-json\/wp\/v2\/media\/156060"}],"wp:attachment":[{"href":"https:\/\/www.caririemacao.com\/1\/wp-json\/wp\/v2\/media?parent=156059"}],"wp:term":[{"taxonomy":"category","embeddable":true,"href":"https:\/\/www.caririemacao.com\/1\/wp-json\/wp\/v2\/categories?post=156059"},{"taxonomy":"post_tag","embeddable":true,"href":"https:\/\/www.caririemacao.com\/1\/wp-json\/wp\/v2\/tags?post=156059"}],"curies":[{"name":"wp","href":"https:\/\/api.w.org\/{rel}","templated":true}]}}