{"id":156065,"date":"2020-03-02T13:48:02","date_gmt":"2020-03-02T16:48:02","guid":{"rendered":"http:\/\/www.caririemacao.com\/1\/?p=156065"},"modified":"2020-03-02T13:48:04","modified_gmt":"2020-03-02T16:48:04","slug":"beneficiarios-dos-programas-sociais-vao-passar-por-atualizacao-cadastral","status":"publish","type":"post","link":"https:\/\/www.caririemacao.com\/1\/2020\/03\/02\/beneficiarios-dos-programas-sociais-vao-passar-por-atualizacao-cadastral\/","title":{"rendered":"Benefici\u00e1rios dos programas sociais v\u00e3o passar por atualiza\u00e7\u00e3o cadastral"},"content":{"rendered":"\n<p>O Minist\u00e9rio da Cidadania deu in\u00edcio \u00e0 a\u00e7\u00e3o de atualiza\u00e7\u00e3o cadastral de 2020 do Cadastro \u00danico dos programas sociais do governo federal, como o Bolsa Fam\u00edlia, Tarifa Social de Energia El\u00e9trica e o Benef\u00edcio de Presta\u00e7\u00e3o Continuada.<\/p>\n\n\n\n<p><br>Neste ano, a Averigua\u00e7\u00e3o Cadastral ser\u00e1 mensal. Todos os meses ser\u00e1 realizado um novo cruzamento do Cadastro \u00danico com outros registros administrativos e, assim, a lista de fam\u00edlias do processo ser\u00e1 atualizada.<\/p>\n\n\n\n<p>Para dar mais efetividade ao processo, ser\u00e3o utilizadas bases de dados mais recentes na compara\u00e7\u00e3o com as informa\u00e7\u00f5es do Cadastro \u00danico e ser\u00e3o adotadas regras que levam em conta a varia\u00e7\u00e3o de renda familiar.<\/p>\n\n\n\n<p>Em 2020, a Revis\u00e3o Cadastral abrange todas as fam\u00edlias com cadastros desatualizados.<\/p>\n\n\n\n<p>J\u00e1 a Averigua\u00e7\u00e3o Cadastral abrange as fam\u00edlias com cadastros atualizados ou desatualizados que foram identificados com inconsist\u00eancias a partir do cruzamento do Cadastro \u00danico com registros administrativos do governo federal.<\/p>\n\n\n\n<p>Como todas as fam\u00edlias cadastradas podem ser inclu\u00eddas no processo&nbsp; caso apresentem inconsist\u00eancia nas informa\u00e7\u00f5es prestadas ao Cadastro \u00danico, pode acontecer de uma fam\u00edlia estar ao mesmo tempo em Averigua\u00e7\u00e3o e Revis\u00e3o Cadastral.<\/p>\n\n\n\n<p>Outras informa\u00e7\u00f5es no site&nbsp;<a href=\"http:\/\/www.cidadania.gov.br\/\" target=\"_blank\" rel=\"noreferrer noopener\">www.cidadania.gov.br<\/a>.<\/p>\n","protected":false},"excerpt":{"rendered":"<p>O Minist\u00e9rio da Cidadania deu in\u00edcio \u00e0 a\u00e7\u00e3o de atualiza\u00e7\u00e3o cadastral de 2020 do Cadastro \u00danico dos programas sociais do governo federal, como o Bolsa&hellip; <\/p>\n","protected":false},"author":2,"featured_media":88412,"comment_status":"closed","ping_status":"closed","sticky":false,"template":"","format":"standard","meta":{"sfsi_plus_gutenberg_text_before_share":"","sfsi_plus_gutenberg_show_text_before_share":"","sfsi_plus_gutenberg_icon_type":"","sfsi_plus_gutenberg_icon_alignemt":"","sfsi_plus_gutenburg_max_per_row":"","footnotes":""},"categories":[2],"tags":[],"class_list":["post-156065","post","type-post","status-publish","format-standard","has-post-thumbnail","hentry","category-geral"],"_links":{"self":[{"href":"https:\/\/www.caririemacao.com\/1\/wp-json\/wp\/v2\/posts\/156065","targetHints":{"allow":["GET"]}}],"collection":[{"href":"https:\/\/www.caririemacao.com\/1\/wp-json\/wp\/v2\/posts"}],"about":[{"href":"https:\/\/www.caririemacao.com\/1\/wp-json\/wp\/v2\/types\/post"}],"author":[{"embeddable":true,"href":"https:\/\/www.caririemacao.com\/1\/wp-json\/wp\/v2\/users\/2"}],"replies":[{"embeddable":true,"href":"https:\/\/www.caririemacao.com\/1\/wp-json\/wp\/v2\/comments?post=156065"}],"version-history":[{"count":1,"href":"https:\/\/www.caririemacao.com\/1\/wp-json\/wp\/v2\/posts\/156065\/revisions"}],"predecessor-version":[{"id":156066,"href":"https:\/\/www.caririemacao.com\/1\/wp-json\/wp\/v2\/posts\/156065\/revisions\/156066"}],"wp:featuredmedia":[{"embeddable":true,"href":"https:\/\/www.caririemacao.com\/1\/wp-json\/wp\/v2\/media\/88412"}],"wp:attachment":[{"href":"https:\/\/www.caririemacao.com\/1\/wp-json\/wp\/v2\/media?parent=156065"}],"wp:term":[{"taxonomy":"category","embeddable":true,"href":"https:\/\/www.caririemacao.com\/1\/wp-json\/wp\/v2\/categories?post=156065"},{"taxonomy":"post_tag","embeddable":true,"href":"https:\/\/www.caririemacao.com\/1\/wp-json\/wp\/v2\/tags?post=156065"}],"curies":[{"name":"wp","href":"https:\/\/api.w.org\/{rel}","templated":true}]}}