{"id":156069,"date":"2020-03-02T13:50:19","date_gmt":"2020-03-02T16:50:19","guid":{"rendered":"http:\/\/www.caririemacao.com\/1\/?p=156069"},"modified":"2020-03-02T13:50:20","modified_gmt":"2020-03-02T16:50:20","slug":"mascaras-e-alcool-em-gel-comecam-a-faltar-no-comercio-paraibano-e-precos-disparam","status":"publish","type":"post","link":"https:\/\/www.caririemacao.com\/1\/2020\/03\/02\/mascaras-e-alcool-em-gel-comecam-a-faltar-no-comercio-paraibano-e-precos-disparam\/","title":{"rendered":"M\u00e1scaras e \u00e1lcool em gel come\u00e7am a faltar no com\u00e9rcio paraibano, e pre\u00e7os disparam"},"content":{"rendered":"\n<p><br>M\u00e1scaras cir\u00fargicas, que podem evitar a transmiss\u00e3o do novo coronav\u00edrus, est\u00e3o come\u00e7ando a desaparecer das prateleiras das farm\u00e1cias e ter o pre\u00e7o aumentado em quase 100%. Al\u00e9m deste, o \u00e1lcool em gel e as luvas tamb\u00e9m est\u00e3o passando pelo mesmo processo, e as pr\u00f3prias ind\u00fastrias est\u00e3o com dificuldades de fornecer os produtos, devido \u00e0 grande demanda.<\/p>\n\n\n\n<p>A informa\u00e7\u00e3o \u00e9 do presidente do Sindicato das Farm\u00e1cias da Para\u00edba (SindFarma), Neilton Neves, durante entrevista \u00e0 R\u00e1dio Campina FM.<\/p>\n\n\n\n<p>Ele disse que a demanda tem crescido em mais de 100%, com expectativa de um maior aumento nos pr\u00f3ximos dias.<\/p>\n\n\n\n<figure class=\"wp-block-image\"><img decoding=\"async\" data-src=\"https:\/\/paraibaonline.com.br\/wp-content\/uploads\/2020\/02\/mascara_coronavirus_3001209367_0.jpg\" alt=\"Foto: ABr\" class=\"wp-image-836001 lazyload\" src=\"data:image\/svg+xml;base64,PHN2ZyB3aWR0aD0iMSIgaGVpZ2h0PSIxIiB4bWxucz0iaHR0cDovL3d3dy53My5vcmcvMjAwMC9zdmciPjwvc3ZnPg==\" \/><\/figure>\n\n\n\n<p>Foto: Ag\u00eancia Brasil<\/p>\n\n\n\n<p>\u2013 Com as not\u00edcias de poss\u00edveis casos do coronav\u00edrus no pa\u00eds, as pessoas j\u00e1 come\u00e7am a se prevenir e, devido a isso, j\u00e1 estamos com alguns problemas com rela\u00e7\u00e3o \u00e0s m\u00e1scaras cir\u00fargicas, que j\u00e1 est\u00e3o faltando no mercado. As distribuidoras n\u00e3o t\u00eam mais para vender. Imagine isso numa demanda mundial. Essas m\u00e1scaras s\u00e3o importadas da China e j\u00e1 h\u00e1 uma sequ\u00eancia de falta. Provavelmente a curto e m\u00e9dio prazo vai haver falta delas, e os pre\u00e7os v\u00e3o chegando cada mais caros no mercado \u2013 disse.<\/p>\n\n\n\n<p>Ele ressaltou que a caixa da m\u00e1scara est\u00e1 variando entre R$ 50 a R$ 90 e as pr\u00f3prias distribuidoras est\u00e3o comprando esses itens mais caros. \u201cA falta do produto eleva o pre\u00e7o para o consumidor final\u201d, disse.<\/p>\n","protected":false},"excerpt":{"rendered":"<p>M\u00e1scaras cir\u00fargicas, que podem evitar a transmiss\u00e3o do novo coronav\u00edrus, est\u00e3o come\u00e7ando a desaparecer das prateleiras das farm\u00e1cias e ter o pre\u00e7o aumentado em quase&hellip; <\/p>\n","protected":false},"author":2,"featured_media":156070,"comment_status":"closed","ping_status":"closed","sticky":false,"template":"","format":"standard","meta":{"sfsi_plus_gutenberg_text_before_share":"","sfsi_plus_gutenberg_show_text_before_share":"","sfsi_plus_gutenberg_icon_type":"","sfsi_plus_gutenberg_icon_alignemt":"","sfsi_plus_gutenburg_max_per_row":"","footnotes":""},"categories":[50,2],"tags":[],"class_list":["post-156069","post","type-post","status-publish","format-standard","has-post-thumbnail","hentry","category-destaque","category-geral"],"_links":{"self":[{"href":"https:\/\/www.caririemacao.com\/1\/wp-json\/wp\/v2\/posts\/156069","targetHints":{"allow":["GET"]}}],"collection":[{"href":"https:\/\/www.caririemacao.com\/1\/wp-json\/wp\/v2\/posts"}],"about":[{"href":"https:\/\/www.caririemacao.com\/1\/wp-json\/wp\/v2\/types\/post"}],"author":[{"embeddable":true,"href":"https:\/\/www.caririemacao.com\/1\/wp-json\/wp\/v2\/users\/2"}],"replies":[{"embeddable":true,"href":"https:\/\/www.caririemacao.com\/1\/wp-json\/wp\/v2\/comments?post=156069"}],"version-history":[{"count":1,"href":"https:\/\/www.caririemacao.com\/1\/wp-json\/wp\/v2\/posts\/156069\/revisions"}],"predecessor-version":[{"id":156071,"href":"https:\/\/www.caririemacao.com\/1\/wp-json\/wp\/v2\/posts\/156069\/revisions\/156071"}],"wp:featuredmedia":[{"embeddable":true,"href":"https:\/\/www.caririemacao.com\/1\/wp-json\/wp\/v2\/media\/156070"}],"wp:attachment":[{"href":"https:\/\/www.caririemacao.com\/1\/wp-json\/wp\/v2\/media?parent=156069"}],"wp:term":[{"taxonomy":"category","embeddable":true,"href":"https:\/\/www.caririemacao.com\/1\/wp-json\/wp\/v2\/categories?post=156069"},{"taxonomy":"post_tag","embeddable":true,"href":"https:\/\/www.caririemacao.com\/1\/wp-json\/wp\/v2\/tags?post=156069"}],"curies":[{"name":"wp","href":"https:\/\/api.w.org\/{rel}","templated":true}]}}