{"id":156077,"date":"2020-03-02T14:23:40","date_gmt":"2020-03-02T17:23:40","guid":{"rendered":"http:\/\/www.caririemacao.com\/1\/?p=156077"},"modified":"2020-03-02T14:23:41","modified_gmt":"2020-03-02T17:23:41","slug":"aildo-brito-confirma-pre-candidatura-a-prefeito-de-gurjao","status":"publish","type":"post","link":"https:\/\/www.caririemacao.com\/1\/2020\/03\/02\/aildo-brito-confirma-pre-candidatura-a-prefeito-de-gurjao\/","title":{"rendered":"Aildo Brito confirma pr\u00e9 candidatura a prefeito de Gurj\u00e3o"},"content":{"rendered":"\n<p>O candidato Aildo Brito confirmou sua pr\u00e9 candidatura a prefeito do munic\u00edpio de Gurj\u00e3o. Com jeito simples de ser e coragem de lutar, o jovem Aildo Brito vem ganhando espa\u00e7o no cen\u00e1rio pol\u00edtico de Gurj\u00e3o. <\/p>\n\n\n\n<p>Aildo \u00e9 um jovem de boa fam\u00edlia que quer fazer uma pol\u00edtica moderna com projetos e propostas que v\u00e3o  de encontro ao seu povo. Ao ser interrogado sobre o que achava da atual gest\u00e3o, respondeu que o prefeito, Ronaldo, administrava bem, mas, disse que quer uma oportunidade para fazer algumas mudan\u00e7as e tentar ser ainda melhor. <\/p>\n\n\n\n<p>Aildo, tamb\u00e9m, respondeu que pol\u00edtica se faz com projetos e propostas e n\u00e3o denegrindo a imagem do seu advers\u00e1rio. Disse que o tempo que se ganhava elei\u00e7\u00f5es com mentiras e com pancadas j\u00e1 passou e agora vai ganhar quem tiver melhor postura e melhores projetos.<\/p>\n","protected":false},"excerpt":{"rendered":"<p>O candidato Aildo Brito confirmou sua pr\u00e9 candidatura a prefeito do munic\u00edpio de Gurj\u00e3o. Com jeito simples de ser e coragem de lutar, o jovem&hellip; <\/p>\n","protected":false},"author":1,"featured_media":156082,"comment_status":"closed","ping_status":"closed","sticky":false,"template":"","format":"standard","meta":{"sfsi_plus_gutenberg_text_before_share":"","sfsi_plus_gutenberg_show_text_before_share":"","sfsi_plus_gutenberg_icon_type":"","sfsi_plus_gutenberg_icon_alignemt":"","sfsi_plus_gutenburg_max_per_row":"","footnotes":""},"categories":[6,11],"tags":[],"class_list":["post-156077","post","type-post","status-publish","format-standard","has-post-thumbnail","hentry","category-cidades","category-politica"],"_links":{"self":[{"href":"https:\/\/www.caririemacao.com\/1\/wp-json\/wp\/v2\/posts\/156077","targetHints":{"allow":["GET"]}}],"collection":[{"href":"https:\/\/www.caririemacao.com\/1\/wp-json\/wp\/v2\/posts"}],"about":[{"href":"https:\/\/www.caririemacao.com\/1\/wp-json\/wp\/v2\/types\/post"}],"author":[{"embeddable":true,"href":"https:\/\/www.caririemacao.com\/1\/wp-json\/wp\/v2\/users\/1"}],"replies":[{"embeddable":true,"href":"https:\/\/www.caririemacao.com\/1\/wp-json\/wp\/v2\/comments?post=156077"}],"version-history":[{"count":1,"href":"https:\/\/www.caririemacao.com\/1\/wp-json\/wp\/v2\/posts\/156077\/revisions"}],"predecessor-version":[{"id":156083,"href":"https:\/\/www.caririemacao.com\/1\/wp-json\/wp\/v2\/posts\/156077\/revisions\/156083"}],"wp:featuredmedia":[{"embeddable":true,"href":"https:\/\/www.caririemacao.com\/1\/wp-json\/wp\/v2\/media\/156082"}],"wp:attachment":[{"href":"https:\/\/www.caririemacao.com\/1\/wp-json\/wp\/v2\/media?parent=156077"}],"wp:term":[{"taxonomy":"category","embeddable":true,"href":"https:\/\/www.caririemacao.com\/1\/wp-json\/wp\/v2\/categories?post=156077"},{"taxonomy":"post_tag","embeddable":true,"href":"https:\/\/www.caririemacao.com\/1\/wp-json\/wp\/v2\/tags?post=156077"}],"curies":[{"name":"wp","href":"https:\/\/api.w.org\/{rel}","templated":true}]}}