{"id":156084,"date":"2020-03-02T15:06:04","date_gmt":"2020-03-02T18:06:04","guid":{"rendered":"http:\/\/www.caririemacao.com\/1\/?p=156084"},"modified":"2020-03-03T07:02:03","modified_gmt":"2020-03-03T10:02:03","slug":"sume-bloco-polifolia-promete-arrastar-varios-folioes-em-sua-1a-edicao","status":"publish","type":"post","link":"https:\/\/www.caririemacao.com\/1\/2020\/03\/02\/sume-bloco-polifolia-promete-arrastar-varios-folioes-em-sua-1a-edicao\/","title":{"rendered":"Sum\u00e9: bloco POLIFOLIA promete arrastar muitos foli\u00f5es em sua 1\u00aa edi\u00e7\u00e3o"},"content":{"rendered":"\n<p>Com data marcada para o pr\u00f3ximo s\u00e1bado (14), o bloco POLIFOLIA promete arrastar v\u00e1rios foli\u00f5es em sua 1\u00aa&nbsp;edi\u00e7\u00e3o na cidade de Sum\u00e9. <\/p>\n\n\n\n<p>O bloco POLIFOLIA tem como promessa relembrar o carnaval com seguran\u00e7a e alegria. E garantir muita divers\u00e3o, para os foli\u00f5es sumenses e demais visitantes. <\/p>\n\n\n\n<p>A concentra\u00e7\u00e3o ser\u00e1 a partir das 17:00h no arretado Choperia, onde percorrer\u00e3o as ruas: Manoel Severo, Augusto Santa Cruz e Avenida 1\u00b0 de abril. A folia continua com uma super estrutura de som, orquestra de frevo. <\/p>\n\n\n\n<p>Os abad\u00e1s est\u00e3o sendo vendidos em Bruna kids, Bike shop e L\u00facio Sports, na cidade de Sum\u00e9. <\/p>\n","protected":false},"excerpt":{"rendered":"<p>Com data marcada para o pr\u00f3ximo s\u00e1bado (14), o bloco POLIFOLIA promete arrastar v\u00e1rios foli\u00f5es em sua 1\u00aa&nbsp;edi\u00e7\u00e3o na cidade de Sum\u00e9. O bloco POLIFOLIA&hellip; <\/p>\n","protected":false},"author":1,"featured_media":156085,"comment_status":"closed","ping_status":"closed","sticky":false,"template":"","format":"standard","meta":{"sfsi_plus_gutenberg_text_before_share":"","sfsi_plus_gutenberg_show_text_before_share":"","sfsi_plus_gutenberg_icon_type":"","sfsi_plus_gutenberg_icon_alignemt":"","sfsi_plus_gutenburg_max_per_row":"","footnotes":""},"categories":[6,50],"tags":[],"class_list":["post-156084","post","type-post","status-publish","format-standard","has-post-thumbnail","hentry","category-cidades","category-destaque"],"_links":{"self":[{"href":"https:\/\/www.caririemacao.com\/1\/wp-json\/wp\/v2\/posts\/156084","targetHints":{"allow":["GET"]}}],"collection":[{"href":"https:\/\/www.caririemacao.com\/1\/wp-json\/wp\/v2\/posts"}],"about":[{"href":"https:\/\/www.caririemacao.com\/1\/wp-json\/wp\/v2\/types\/post"}],"author":[{"embeddable":true,"href":"https:\/\/www.caririemacao.com\/1\/wp-json\/wp\/v2\/users\/1"}],"replies":[{"embeddable":true,"href":"https:\/\/www.caririemacao.com\/1\/wp-json\/wp\/v2\/comments?post=156084"}],"version-history":[{"count":4,"href":"https:\/\/www.caririemacao.com\/1\/wp-json\/wp\/v2\/posts\/156084\/revisions"}],"predecessor-version":[{"id":156099,"href":"https:\/\/www.caririemacao.com\/1\/wp-json\/wp\/v2\/posts\/156084\/revisions\/156099"}],"wp:featuredmedia":[{"embeddable":true,"href":"https:\/\/www.caririemacao.com\/1\/wp-json\/wp\/v2\/media\/156085"}],"wp:attachment":[{"href":"https:\/\/www.caririemacao.com\/1\/wp-json\/wp\/v2\/media?parent=156084"}],"wp:term":[{"taxonomy":"category","embeddable":true,"href":"https:\/\/www.caririemacao.com\/1\/wp-json\/wp\/v2\/categories?post=156084"},{"taxonomy":"post_tag","embeddable":true,"href":"https:\/\/www.caririemacao.com\/1\/wp-json\/wp\/v2\/tags?post=156084"}],"curies":[{"name":"wp","href":"https:\/\/api.w.org\/{rel}","templated":true}]}}