{"id":156277,"date":"2020-03-04T02:00:12","date_gmt":"2020-03-04T05:00:12","guid":{"rendered":"http:\/\/www.caririemacao.com\/1\/?p=156277"},"modified":"2020-03-04T02:00:13","modified_gmt":"2020-03-04T05:00:13","slug":"sanfoneiro-caririzeiro-lanca-pre-candidatura-a-vereador-em-sao-jose-dos-cordeiros","status":"publish","type":"post","link":"https:\/\/www.caririemacao.com\/1\/2020\/03\/04\/sanfoneiro-caririzeiro-lanca-pre-candidatura-a-vereador-em-sao-jose-dos-cordeiros\/","title":{"rendered":"Sanfoneiro caririzeiro lan\u00e7a pr\u00e9-candidatura a vereador em S\u00e3o Jos\u00e9 dos Cordeiros"},"content":{"rendered":"\n<p>Em meio aos lan\u00e7amentos de nomes para disputar as elei\u00e7\u00f5es deste ano, o cantor e sanfoneiro caririzeiro Nascimento Filho \u00e9 mais um nome que surge de olho em uma das 09 vagas na C\u00e2mara de Vereadores de S\u00e3o Jos\u00e9 dos Cordeiros. <\/p>\n\n\n\n<p>O artista entrou em contato com a reportagem do Cariri em A\u00e7\u00e3o e anunciou sua pr\u00e9-candidatura e afirmou que decidiu ingressar na pol\u00edtica e colocar o nome \u00e0 disposi\u00e7\u00e3o dos eleitores. \u00a0<\/p>\n\n\n\n<p>O cantor revelou que pretende encabe\u00e7ar um projeto seguindo princ\u00edpios da \u00e9tica em defesa da popula\u00e7\u00e3o. \u201cOs meus amigos t\u00eam nos incentivado a seguir neste projeto, por isso, lan\u00e7o minha pr\u00e9-candidatura a vereador para representar nossa cidade e tamb\u00e9m fiscalizar e buscar a melhor maneira de ajudar os que mais precisam\u201d, declarou.<\/p>\n\n\n\n<p>Caso o projeto seja consolidado, ser\u00e1 a primeira candidatura\ndo cantor. Sobre o partido que disputar\u00e1, ele disse que seguir\u00e1 orienta\u00e7\u00f5es do\ngrupo pol\u00edtico liderado pelo prefeito Jeferson e pelo ex-prefeito Fernando\nQueiroz. <\/p>\n\n\n\n<p>Natural de Sum\u00e9, no Cariri Paraibano, Nascimento iniciou sua\ncarreira como cantor, sanfoneiro e compositor logo cedo, sendo atualmente\nconsiderado um dos maiores sanfoneiros da regi\u00e3o.<\/p>\n","protected":false},"excerpt":{"rendered":"<p>Em meio aos lan\u00e7amentos de nomes para disputar as elei\u00e7\u00f5es deste ano, o cantor e sanfoneiro caririzeiro Nascimento Filho \u00e9 mais um nome que surge&hellip; <\/p>\n","protected":false},"author":1,"featured_media":156278,"comment_status":"closed","ping_status":"closed","sticky":false,"template":"","format":"standard","meta":{"sfsi_plus_gutenberg_text_before_share":"","sfsi_plus_gutenberg_show_text_before_share":"","sfsi_plus_gutenberg_icon_type":"","sfsi_plus_gutenberg_icon_alignemt":"","sfsi_plus_gutenburg_max_per_row":"","footnotes":""},"categories":[50,11],"tags":[],"class_list":["post-156277","post","type-post","status-publish","format-standard","has-post-thumbnail","hentry","category-destaque","category-politica"],"_links":{"self":[{"href":"https:\/\/www.caririemacao.com\/1\/wp-json\/wp\/v2\/posts\/156277","targetHints":{"allow":["GET"]}}],"collection":[{"href":"https:\/\/www.caririemacao.com\/1\/wp-json\/wp\/v2\/posts"}],"about":[{"href":"https:\/\/www.caririemacao.com\/1\/wp-json\/wp\/v2\/types\/post"}],"author":[{"embeddable":true,"href":"https:\/\/www.caririemacao.com\/1\/wp-json\/wp\/v2\/users\/1"}],"replies":[{"embeddable":true,"href":"https:\/\/www.caririemacao.com\/1\/wp-json\/wp\/v2\/comments?post=156277"}],"version-history":[{"count":1,"href":"https:\/\/www.caririemacao.com\/1\/wp-json\/wp\/v2\/posts\/156277\/revisions"}],"predecessor-version":[{"id":156279,"href":"https:\/\/www.caririemacao.com\/1\/wp-json\/wp\/v2\/posts\/156277\/revisions\/156279"}],"wp:featuredmedia":[{"embeddable":true,"href":"https:\/\/www.caririemacao.com\/1\/wp-json\/wp\/v2\/media\/156278"}],"wp:attachment":[{"href":"https:\/\/www.caririemacao.com\/1\/wp-json\/wp\/v2\/media?parent=156277"}],"wp:term":[{"taxonomy":"category","embeddable":true,"href":"https:\/\/www.caririemacao.com\/1\/wp-json\/wp\/v2\/categories?post=156277"},{"taxonomy":"post_tag","embeddable":true,"href":"https:\/\/www.caririemacao.com\/1\/wp-json\/wp\/v2\/tags?post=156277"}],"curies":[{"name":"wp","href":"https:\/\/api.w.org\/{rel}","templated":true}]}}