{"id":156285,"date":"2020-03-04T07:08:03","date_gmt":"2020-03-04T10:08:03","guid":{"rendered":"http:\/\/www.caririemacao.com\/1\/?p=156285"},"modified":"2020-03-04T07:08:05","modified_gmt":"2020-03-04T10:08:05","slug":"prefeito-jefferson-roberto-da-posse-a-15-novos-concursados-em-sao-jose-dos-cordeiros","status":"publish","type":"post","link":"https:\/\/www.caririemacao.com\/1\/2020\/03\/04\/prefeito-jefferson-roberto-da-posse-a-15-novos-concursados-em-sao-jose-dos-cordeiros\/","title":{"rendered":"Prefeito Jefferson Roberto d\u00e1 posse a 15 novos concursados em S\u00e3o Jos\u00e9 dos Cordeiros"},"content":{"rendered":"\n<p>Foi realizado na C\u00e2mara de Vereadores de S\u00e3o Jos\u00e9 dos Cordeiros na tarde desta ter\u00e7a-feira (03) a posse de 15 novos concursados da Prefeitura Municipal. O termo de posse foi entregue em solenidade presidida pelo prefeito Jefferson Roberto, que parabenizou os novos servidores municipais e deu-lhes boas-vindas.<\/p>\n\n\n\n<p><a href=\"https:\/\/www.facebook.com\/pmsaojosedoscordeiros\/photos\"><strong>VEJA AQUI TODAS AS FOTOS!<\/strong><\/a><\/p>\n\n\n\n<div class=\"wp-block-image\"><figure class=\"alignleft\"><img decoding=\"async\" data-src=\"http:\/\/deolhonocariri.com.br\/wp-content\/uploads\/2020\/03\/posse_13-1.jpg\" alt=\"\" class=\"wp-image-78689 lazyload\" src=\"data:image\/svg+xml;base64,PHN2ZyB3aWR0aD0iMSIgaGVpZ2h0PSIxIiB4bWxucz0iaHR0cDovL3d3dy53My5vcmcvMjAwMC9zdmciPjwvc3ZnPg==\" \/><\/figure><\/div>\n\n\n\n<p>A Prefeitura de S\u00e3o Jos\u00e9 dos Cordeiros convocou no m\u00eas passado 20 concursados, mas 04 n\u00e3o compareceram \u00e0 solenidade e 1 n\u00e3o entregou a documenta\u00e7\u00e3o exigida. Os empossados come\u00e7am a atuar imediatamente no munic\u00edpio.<\/p>\n\n\n\n<p>A solenidade contou com a presen\u00e7a al\u00e9m do prefeito Jefferson Roberto, dos vereadores Niedson Brito, Humberto Queiroz e Eraldo C\u00e9sar; os secret\u00e1rios Petrushka&nbsp; Bezerra&nbsp; (Sa\u00fade), Sergio Cordeiro (Assist\u00eancia Social), Joselene Ara\u00fajo (Administra\u00e7\u00e3o), Fl\u00e1via Teobaldo (Educa\u00e7\u00e3o), Genival Leite (Infraestrutura) e Walfredo Carlos (Transporte), al\u00e9m do advogado do munic\u00edpio, Jos\u00e9 Maviael e a popula\u00e7\u00e3o.<\/p>\n\n\n\n<p>Tomaram posse aprovados nos cargos de Agente comunit\u00e1rio de sa\u00fade, Fonoaudi\u00f3logo, Fisioterapeuta, Nutricionista, Merendeira, Sepultador, Professores, Agroec\u00f3logo, Assistente Social, Eletricista, T\u00e9cnico em enfermagem e Auxiliar de Servi\u00e7os Gerais.<\/p>\n\n\n\n<p><em>Fotos: Arthur Ara\u00fajo<\/em><\/p>\n","protected":false},"excerpt":{"rendered":"<p>Foi realizado na C\u00e2mara de Vereadores de S\u00e3o Jos\u00e9 dos Cordeiros na tarde desta ter\u00e7a-feira (03) a posse de 15 novos concursados da Prefeitura Municipal.&hellip; <\/p>\n","protected":false},"author":2,"featured_media":156286,"comment_status":"closed","ping_status":"closed","sticky":false,"template":"","format":"standard","meta":{"sfsi_plus_gutenberg_text_before_share":"","sfsi_plus_gutenberg_show_text_before_share":"","sfsi_plus_gutenberg_icon_type":"","sfsi_plus_gutenberg_icon_alignemt":"","sfsi_plus_gutenburg_max_per_row":"","footnotes":""},"categories":[2],"tags":[],"class_list":["post-156285","post","type-post","status-publish","format-standard","has-post-thumbnail","hentry","category-geral"],"_links":{"self":[{"href":"https:\/\/www.caririemacao.com\/1\/wp-json\/wp\/v2\/posts\/156285","targetHints":{"allow":["GET"]}}],"collection":[{"href":"https:\/\/www.caririemacao.com\/1\/wp-json\/wp\/v2\/posts"}],"about":[{"href":"https:\/\/www.caririemacao.com\/1\/wp-json\/wp\/v2\/types\/post"}],"author":[{"embeddable":true,"href":"https:\/\/www.caririemacao.com\/1\/wp-json\/wp\/v2\/users\/2"}],"replies":[{"embeddable":true,"href":"https:\/\/www.caririemacao.com\/1\/wp-json\/wp\/v2\/comments?post=156285"}],"version-history":[{"count":1,"href":"https:\/\/www.caririemacao.com\/1\/wp-json\/wp\/v2\/posts\/156285\/revisions"}],"predecessor-version":[{"id":156287,"href":"https:\/\/www.caririemacao.com\/1\/wp-json\/wp\/v2\/posts\/156285\/revisions\/156287"}],"wp:featuredmedia":[{"embeddable":true,"href":"https:\/\/www.caririemacao.com\/1\/wp-json\/wp\/v2\/media\/156286"}],"wp:attachment":[{"href":"https:\/\/www.caririemacao.com\/1\/wp-json\/wp\/v2\/media?parent=156285"}],"wp:term":[{"taxonomy":"category","embeddable":true,"href":"https:\/\/www.caririemacao.com\/1\/wp-json\/wp\/v2\/categories?post=156285"},{"taxonomy":"post_tag","embeddable":true,"href":"https:\/\/www.caririemacao.com\/1\/wp-json\/wp\/v2\/tags?post=156285"}],"curies":[{"name":"wp","href":"https:\/\/api.w.org\/{rel}","templated":true}]}}