{"id":156289,"date":"2020-03-04T07:09:59","date_gmt":"2020-03-04T10:09:59","guid":{"rendered":"http:\/\/www.caririemacao.com\/1\/?p=156289"},"modified":"2020-03-04T07:10:01","modified_gmt":"2020-03-04T10:10:01","slug":"sume-esta-entre-os-municipios-do-cariri-habilitados-no-selo-prefeitura-parceira-das-mulheres","status":"publish","type":"post","link":"https:\/\/www.caririemacao.com\/1\/2020\/03\/04\/sume-esta-entre-os-municipios-do-cariri-habilitados-no-selo-prefeitura-parceira-das-mulheres\/","title":{"rendered":"Sum\u00e9 est\u00e1 entre os munic\u00edpios do Cariri habilitados no selo \u201cPrefeitura Parceira das Mulheres\u201d"},"content":{"rendered":"\n<div class=\"wp-block-image\"><figure class=\"alignleft\"><img decoding=\"async\" data-src=\"https:\/\/i0.wp.com\/www.vitrinedocariri.com.br\/wp-content\/uploads\/2020\/02\/selo-prefeitura.jpeg?resize=300%2C225&amp;ssl=1\" alt=\"\" class=\"wp-image-65131 lazyload\" src=\"data:image\/svg+xml;base64,PHN2ZyB3aWR0aD0iMSIgaGVpZ2h0PSIxIiB4bWxucz0iaHR0cDovL3d3dy53My5vcmcvMjAwMC9zdmciPjwvc3ZnPg==\" \/><\/figure><\/div>\n\n\n\n<p>O Governo do Estado divulgou a lista dos 35 munic\u00edpios habilitados para receber o selo \u201cPrefeitura Parceira das Mulheres\u201d. O pr\u00eamio foi criado pela Secretaria de Estado da Mulher e Diversidade Humana (Semdh) e a Secretaria de Estado de Articula\u00e7\u00e3o Municipal (Sedam), em parceria com a Federa\u00e7\u00e3o das Associa\u00e7\u00f5es de Munic\u00edpios da Para\u00edba (Famup).<\/p>\n\n\n\n<p>O prazo de julgamento de recursos termina nesta sexta-feira (6) e a premia\u00e7\u00e3o ocorrer\u00e1 no dia 12 de mar\u00e7o, durante o m\u00eas em alus\u00e3o ao Dia 8 de Mar\u00e7o \u2013 Dia Internacional da Mulher, no Teatro Paulo Pontes, no Espa\u00e7o Cultural, em Jo\u00e3o Pessoa, \u00e0s 8h. O resultado final ser\u00e1 publicado no Di\u00e1rio Oficial da Uni\u00e3o.<\/p>\n\n\n\n<p>A secret\u00e1ria de Estado da Mulher e da Diversidade Humana, L\u00eddia Moura, disse que o selo \u00e9 um grande instrumento de efetiva\u00e7\u00e3o das pol\u00edticas p\u00fablicas para as mulheres. \u201cA Para\u00edba segue avan\u00e7ando com a ades\u00e3o dos 51 munic\u00edpios na primeira edi\u00e7\u00e3o do Selo Social \u2018Prefeitura Parceira das Mulheres\u2019. Este selo se tornou uma estrat\u00e9gia de articula\u00e7\u00e3o e efetiva\u00e7\u00e3o para todos os setores dos munic\u00edpios\u201d, afirmou L\u00eddia Moura.<\/p>\n\n\n\n<p>O Selo Social \u2018Prefeitura Parceira das Mulheres\u2019 \u00e9 voltado \u00e0s pr\u00e1ticas desenvolvidas pelas prefeituras dos munic\u00edpios paraibanos na promo\u00e7\u00e3o de equidade e igualdade dos direitos das mulheres, considerando as especificidades e as potencialidades de cada munic\u00edpio.<\/p>\n\n\n\n<p>A secret\u00e1ria de Estado de Articula\u00e7\u00e3o Municipal (Sedam), Ana Cl\u00e1udia Vital, disse que a parceria com a Famup e a Semdh marca um novo ciclo de uni\u00e3o que favorecer\u00e1 a implanta\u00e7\u00e3o de pol\u00edticas p\u00fablicas direcionadas para as mulheres em toda sua diversidade. \u201cEsta parceria ter\u00e1 continuidade nas pr\u00f3ximas edi\u00e7\u00f5es do selo,estimulando prefeitas e prefeitos a adotarem medidas efetivas para implanta\u00e7\u00e3o de a\u00e7\u00f5es, programas e pol\u00edticas p\u00fablicas que promovam os direitos das mulheres\u201d.<\/p>\n\n\n\n<p>O presidente da Famup, George Coelho, destaca que o objetivo \u00e9 estimular as gest\u00f5es a cumprirem pol\u00edticas p\u00fablicas para mulheres e disse que o tema da sustentabilidade \u00e9 o complemento das pol\u00edticas sociais. \u201cEstamos juntos neste momento de muitas dificuldades criando pol\u00edticas p\u00fablicas sustent\u00e1veis e o selo ser\u00e1 um importante instrumento de est\u00edmulo para avan\u00e7armos efetivamente na luta pela igualdade de g\u00eanero\u201d, disse.<\/p>\n\n\n\n<p>A sele\u00e7\u00e3o dos munic\u00edpios foi feita por uma comiss\u00e3o julgadora, formada por representantes da Semdh, da Sedam e da Famup. As a\u00e7\u00f5es inscritas pelos munic\u00edpios, tiveram at\u00e9 o m\u00eas de dezembro do ano de 2019 para serem realizadas. O Selo Social \u2018Prefeitura Parceira das Mulheres\u2019 tem como objetivos garantir pr\u00e1ticas inovadoras e comprometidas com as mulheres em toda sua diversidade, de forma a estimular o empreendedorismo, a autonomia econ\u00f4mica e o desenvolvimento sustent\u00e1vel com igualdade social; enfrentamento \u00e0 viol\u00eancia contra as mulheres nas suas diferentes manifesta\u00e7\u00f5es; e promo\u00e7\u00e3o da sa\u00fade integral das mulheres, considerando as especificidades e as potencialidades de cada munic\u00edpio.<\/p>\n\n\n\n<p>Os crit\u00e9rios para receber o selo passou por desenvolvimento de a\u00e7\u00f5es desde a cria\u00e7\u00e3o de equipamentos de gest\u00e3o (secretarias, coordena\u00e7\u00f5es ou n\u00facleos), centros de refer\u00eancias, at\u00e9 protocolos de atendimentos na sa\u00fade que beneficiem a otimiza\u00e7\u00e3o do Pr\u00e9-Natal e parto humanizado, pol\u00edticas para a autonomia financeira das mulheres, a\u00e7\u00f5es para a seguran\u00e7a alimentar e outros.<\/p>\n\n\n\n<p>Munic\u00edpios e pontua\u00e7\u00f5es por ordem de classifica\u00e7\u00e3o<\/p>\n\n\n\n<p>Alagoinha \u2013 7.050<br>Conde \u2013 6.950<br>Pombal \u2013 6.150<br><strong>Sum\u00e9 \u2013 5.900<\/strong><br>Bayeux \u2013 5.350<br>Bel\u00e9m \u2013 5.100<br><strong>Cabaceiras \u2013 5.100<\/strong><br>Mamanguape \u2013 4.950<br><strong>Boqueir\u00e3o \u2013 4.900<\/strong><br>Cajazeiras \u2013 4.880<br><strong>Boa vista \u2013 4.800<\/strong><br><strong>Gurj\u00e3o \u2013 4.600<\/strong><br>Picu\u00ed \u2013 4.580<br>Lucena \u2013 4.500<br>Junco do Serid\u00f3 \u2013 4.450<br>Queimadas \u2013 4350<br>Borborema \u2013 4.250<br>Duas Estradas \u2013 4.200<br>Cabedelo \u2013 4.150<br>Catingueira \u2013 4.100<br>Cachoeira dos \u00cdndios \u2013 4.050<br>Cuit\u00e9 \u2013 4.000<br>Cuitegi \u2013 4.000<br>S\u00e3o Bento \u2013 4.000<br>Sobrado \u2013 3.350<br>Cubati \u2013 3.050<br>Umbuzeiro \u2013 3.300<br>S\u00e3o Jos\u00e9 do Bomfim \u2013 3.150<br>Gurinh\u00e9m \u2013 3.100<br><strong>S\u00e3o Jos\u00e9 dos Cordeiros \u2013 3.030<\/strong><br>Curral de Cima \u2013 3.000<br>Desterro \u2013 3.000<br>Matinhas \u2013 3.000<br>S\u00e3o Vicente do Serid\u00f3 \u2013 3.000<br>Serra da Raiz \u2013 3.000<\/p>\n","protected":false},"excerpt":{"rendered":"<p>O Governo do Estado divulgou a lista dos 35 munic\u00edpios habilitados para receber o selo \u201cPrefeitura Parceira das Mulheres\u201d. O pr\u00eamio foi criado pela Secretaria&hellip; <\/p>\n","protected":false},"author":2,"featured_media":156290,"comment_status":"closed","ping_status":"closed","sticky":false,"template":"","format":"standard","meta":{"sfsi_plus_gutenberg_text_before_share":"","sfsi_plus_gutenberg_show_text_before_share":"","sfsi_plus_gutenberg_icon_type":"","sfsi_plus_gutenberg_icon_alignemt":"","sfsi_plus_gutenburg_max_per_row":"","footnotes":""},"categories":[50,2],"tags":[],"class_list":["post-156289","post","type-post","status-publish","format-standard","has-post-thumbnail","hentry","category-destaque","category-geral"],"_links":{"self":[{"href":"https:\/\/www.caririemacao.com\/1\/wp-json\/wp\/v2\/posts\/156289","targetHints":{"allow":["GET"]}}],"collection":[{"href":"https:\/\/www.caririemacao.com\/1\/wp-json\/wp\/v2\/posts"}],"about":[{"href":"https:\/\/www.caririemacao.com\/1\/wp-json\/wp\/v2\/types\/post"}],"author":[{"embeddable":true,"href":"https:\/\/www.caririemacao.com\/1\/wp-json\/wp\/v2\/users\/2"}],"replies":[{"embeddable":true,"href":"https:\/\/www.caririemacao.com\/1\/wp-json\/wp\/v2\/comments?post=156289"}],"version-history":[{"count":1,"href":"https:\/\/www.caririemacao.com\/1\/wp-json\/wp\/v2\/posts\/156289\/revisions"}],"predecessor-version":[{"id":156291,"href":"https:\/\/www.caririemacao.com\/1\/wp-json\/wp\/v2\/posts\/156289\/revisions\/156291"}],"wp:featuredmedia":[{"embeddable":true,"href":"https:\/\/www.caririemacao.com\/1\/wp-json\/wp\/v2\/media\/156290"}],"wp:attachment":[{"href":"https:\/\/www.caririemacao.com\/1\/wp-json\/wp\/v2\/media?parent=156289"}],"wp:term":[{"taxonomy":"category","embeddable":true,"href":"https:\/\/www.caririemacao.com\/1\/wp-json\/wp\/v2\/categories?post=156289"},{"taxonomy":"post_tag","embeddable":true,"href":"https:\/\/www.caririemacao.com\/1\/wp-json\/wp\/v2\/tags?post=156289"}],"curies":[{"name":"wp","href":"https:\/\/api.w.org\/{rel}","templated":true}]}}