{"id":156304,"date":"2020-03-04T07:56:43","date_gmt":"2020-03-04T10:56:43","guid":{"rendered":"http:\/\/www.caririemacao.com\/1\/?p=156304"},"modified":"2020-03-04T07:56:45","modified_gmt":"2020-03-04T10:56:45","slug":"conselho-municipal-de-educacao-reduz-tempo-integral-para-atender-demanda-das-creches-em-sume","status":"publish","type":"post","link":"https:\/\/www.caririemacao.com\/1\/2020\/03\/04\/conselho-municipal-de-educacao-reduz-tempo-integral-para-atender-demanda-das-creches-em-sume\/","title":{"rendered":"Conselho Municipal de Educa\u00e7\u00e3o reduz tempo integral para atender demanda das creches em Sum\u00e9"},"content":{"rendered":"\n<p>O secret\u00e1rio de Educa\u00e7\u00e3o, Odilon Arano, realizou na manh\u00e3 da \u00faltima segunda-feira (02), uma reuni\u00e3o com os pais e\/ou respons\u00e1veis dos alunos atendidos nas Creches Rita Cipriano e Anita Garibaldi. L\u2018\\ <\/p>\n\n\n\n<p>O encontro foi para tratar de assuntos relacionados ao atendimento e funcionamento das duas institui\u00e7\u00f5es de ensino e tirar d\u00favidas dos pais e\/ou respons\u00e1veis. <\/p>\n\n\n\n<figure class=\"wp-block-image size-large\"><img fetchpriority=\"high\" decoding=\"async\" width=\"540\" height=\"675\" src=\"http:\/\/www.caririemacao.com\/1\/wp-content\/uploads\/2020\/03\/prefeituradesume_20200304_2.jpg\" alt=\"\" class=\"wp-image-156327\" srcset=\"https:\/\/www.caririemacao.com\/1\/wp-content\/uploads\/2020\/03\/prefeituradesume_20200304_2.jpg 540w, https:\/\/www.caririemacao.com\/1\/wp-content\/uploads\/2020\/03\/prefeituradesume_20200304_2-240x300.jpg 240w\" sizes=\"(max-width: 540px) 100vw, 540px\" \/><\/figure>\n\n\n\n<p>Devido ao grande n\u00famero de crian\u00e7as na lista de espera, com 202 aguardando vagas, e a impossibilidade de atender a todas em tempo integral, a Secretaria de Educa\u00e7\u00e3o, ap\u00f3s aprova\u00e7\u00e3o do Conselho Municipal de Educa\u00e7\u00e3o, reduziu o atendimento integra para parcial, conseguindo universalizar o acesso dessas crian\u00e7as \u00e0 educac\u00e9o infantil. <\/p>\n\n\n\n<figure class=\"wp-block-image size-large\"><img decoding=\"async\" width=\"540\" height=\"675\" data-src=\"http:\/\/www.caririemacao.com\/1\/wp-content\/uploads\/2020\/03\/prefeituradesume_20200304_1.jpg\" alt=\"\" class=\"wp-image-156328 lazyload\" data-srcset=\"https:\/\/www.caririemacao.com\/1\/wp-content\/uploads\/2020\/03\/prefeituradesume_20200304_1.jpg 540w, https:\/\/www.caririemacao.com\/1\/wp-content\/uploads\/2020\/03\/prefeituradesume_20200304_1-240x300.jpg 240w\" data-sizes=\"(max-width: 540px) 100vw, 540px\" src=\"data:image\/svg+xml;base64,PHN2ZyB3aWR0aD0iMSIgaGVpZ2h0PSIxIiB4bWxucz0iaHR0cDovL3d3dy53My5vcmcvMjAwMC9zdmciPjwvc3ZnPg==\" style=\"--smush-placeholder-width: 540px; --smush-placeholder-aspect-ratio: 540\/675;\" \/><\/figure>\n\n\n\n<p>Com a desist\u00eancia de algumas fam\u00edlias, o secret\u00e9rio Odilon informou que a Secretaria est\u00e1 planejando o atendimento integral para algumas turmas, especialmente para os pais e\/ou respons\u00e9veis que trabalham fora de casa. <\/p>\n","protected":false},"excerpt":{"rendered":"<p>O secret\u00e1rio de Educa\u00e7\u00e3o, Odilon Arano, realizou na manh\u00e3 da \u00faltima segunda-feira (02), uma reuni\u00e3o com os pais e\/ou respons\u00e1veis dos alunos atendidos nas Creches&hellip; <\/p>\n","protected":false},"author":1,"featured_media":156322,"comment_status":"closed","ping_status":"closed","sticky":false,"template":"","format":"standard","meta":{"sfsi_plus_gutenberg_text_before_share":"","sfsi_plus_gutenberg_show_text_before_share":"","sfsi_plus_gutenberg_icon_type":"","sfsi_plus_gutenberg_icon_alignemt":"","sfsi_plus_gutenburg_max_per_row":"","footnotes":""},"categories":[6,50],"tags":[],"class_list":["post-156304","post","type-post","status-publish","format-standard","has-post-thumbnail","hentry","category-cidades","category-destaque"],"_links":{"self":[{"href":"https:\/\/www.caririemacao.com\/1\/wp-json\/wp\/v2\/posts\/156304","targetHints":{"allow":["GET"]}}],"collection":[{"href":"https:\/\/www.caririemacao.com\/1\/wp-json\/wp\/v2\/posts"}],"about":[{"href":"https:\/\/www.caririemacao.com\/1\/wp-json\/wp\/v2\/types\/post"}],"author":[{"embeddable":true,"href":"https:\/\/www.caririemacao.com\/1\/wp-json\/wp\/v2\/users\/1"}],"replies":[{"embeddable":true,"href":"https:\/\/www.caririemacao.com\/1\/wp-json\/wp\/v2\/comments?post=156304"}],"version-history":[{"count":2,"href":"https:\/\/www.caririemacao.com\/1\/wp-json\/wp\/v2\/posts\/156304\/revisions"}],"predecessor-version":[{"id":156329,"href":"https:\/\/www.caririemacao.com\/1\/wp-json\/wp\/v2\/posts\/156304\/revisions\/156329"}],"wp:featuredmedia":[{"embeddable":true,"href":"https:\/\/www.caririemacao.com\/1\/wp-json\/wp\/v2\/media\/156322"}],"wp:attachment":[{"href":"https:\/\/www.caririemacao.com\/1\/wp-json\/wp\/v2\/media?parent=156304"}],"wp:term":[{"taxonomy":"category","embeddable":true,"href":"https:\/\/www.caririemacao.com\/1\/wp-json\/wp\/v2\/categories?post=156304"},{"taxonomy":"post_tag","embeddable":true,"href":"https:\/\/www.caririemacao.com\/1\/wp-json\/wp\/v2\/tags?post=156304"}],"curies":[{"name":"wp","href":"https:\/\/api.w.org\/{rel}","templated":true}]}}