{"id":156309,"date":"2020-03-04T07:29:13","date_gmt":"2020-03-04T10:29:13","guid":{"rendered":"http:\/\/www.caririemacao.com\/1\/?p=156309"},"modified":"2020-03-04T07:29:15","modified_gmt":"2020-03-04T10:29:15","slug":"paraiba-termina-1o-bimestre-de-2020-com-tres-acudes-sangrando-um-deles-e-no-cariri","status":"publish","type":"post","link":"https:\/\/www.caririemacao.com\/1\/2020\/03\/04\/paraiba-termina-1o-bimestre-de-2020-com-tres-acudes-sangrando-um-deles-e-no-cariri\/","title":{"rendered":"Para\u00edba termina 1\u00ba bimestre de 2020 com tr\u00eas a\u00e7udes sangrando, um deles \u00e9 no Cariri"},"content":{"rendered":"\n<p>Um levantamento feito com base nos \u00faltimos volumes registrados em a\u00e7udes localizados na Para\u00edba mostra que o estado terminou o primeiro bimestre de 2020 com tr\u00eas a\u00e7udes sangrando e outros 31 em situa\u00e7\u00e3o cr\u00edtica, com menos de 5% da capacidade total. Os dados s\u00e3o da Ag\u00eancia Executiva de Gest\u00e3o das \u00c1guas da Para\u00edba (Aesa), respons\u00e1vel pelo monitoramento de 134 reservat\u00f3rios.<\/p>\n\n\n\n<p>Ainda conforme os volumes extra\u00eddos do site dainstitui\u00e7\u00e3o nesta segunda-feira (2), est\u00e3o sangrando os mananciais paraibanos S\u00e3o Jos\u00e9 II, em Monteiro, no Cariri do estado; Lancha I, em Aguiar e Bom Jesus, em Carrapateira, no Sert\u00e3o da Para\u00edba.<\/p>\n\n\n\n<p>O a\u00e7ude S\u00e3o Jos\u00e9 II possui capacidade para 1.311.540 m\u00b3 de \u00e1gua e conta com volume atual 1.311.540 m\u00b3. J\u00e1 o Lancha I possui capacidade para 5.675.800 m\u00b3 e est\u00e1 com aporte h\u00eddrico de 6.913.400 m\u00b3. O manancial Bom Jesus tem capacidade para 343.800 m\u00b3 e conta com volume de 365.496 m\u00b3.<\/p>\n\n\n\n<p>Outros 43 mananciais est\u00e3o em observa\u00e7\u00e3o, com menos de 20% do volume total. Outros 57 est\u00e3o com volume maior que 20% da capacidade total.<\/p>\n\n\n\n<h2 class=\"wp-block-heading\">Situa\u00e7\u00e3o h\u00eddrica dos a\u00e7udes melhora ap\u00f3s chuvas na PB<\/h2>\n\n\n\n<p><a href=\"https:\/\/g1.globo.com\/pb\/paraiba\/noticia\/2020\/01\/03\/paraiba-comeca-2020-com-um-acude-sangrando-e-33-em-situacao-critica-diz-aesa.ghtml\" target=\"_blank\" rel=\"noreferrer noopener\">No in\u00edcio de janeiro deste ano, o estado tinha um reservat\u00f3rio sangrando e 33 em situa\u00e7\u00e3o cr\u00edtica<\/a>. Outros 47 mananciais estavam em observa\u00e7\u00e3o, com menos de 20% do volume total. Outros 53 estavam com volume maior que 20% da capacidade total.<\/p>\n\n\n\n<p>A situa\u00e7\u00e3o h\u00eddrica dos volumes da Para\u00edba melhorou ap\u00f3s fortes chuvas que ca\u00edram em todas as regi\u00f5es do estado entre os meses de janeiro e fevereiro deste ano, a exemplo do&nbsp;<a href=\"https:\/\/g1.globo.com\/pb\/paraiba\/noticia\/2020\/02\/17\/municipios-do-sertao-paraibano-registram-chuvas-de-mais-de-80mm-nesta-segunda-feira.ghtml\" target=\"_blank\" rel=\"noreferrer noopener\">Sert\u00e3o, que em um dia registrou mais de 80 mm de chuva<\/a>.<\/p>\n\n\n\n<p>De acordo com a Aesa, os per\u00edodos chuvosos da Para\u00edba ocorrem geralmente no primeiro semestre do ano, dependendo da regi\u00e3o. Segundo a meteorologista Marle Bandeira,&nbsp;<a href=\"https:\/\/g1.globo.com\/pb\/paraiba\/noticia\/2019\/12\/23\/previsao-para-primeiro-trimestre-de-2020-favorece-ocorrencia-de-chuvas-na-pb-diz-aesa.ghtml\" target=\"_blank\" rel=\"noreferrer noopener\">a previs\u00e3o do tempo para o primeiro trimestre de 2020 favoreceu e continuar\u00e1 favorecendo a ocorr\u00eancia de chuvas<\/a>.<\/p>\n\n\n\n<h2 class=\"wp-block-heading\">Veja a lista de a\u00e7udes com menos de 5% do volume<\/h2>\n\n\n\n<ul class=\"wp-block-list\"><li>Algod\u00e3o, em Algod\u00e3o de Janda\u00edra<\/li><li>Arrojado, em Uira\u00fana<\/li><li>Cacimbinha, em S\u00e3o Vicente do Serid\u00f3<\/li><li>Capivara, em Uira\u00fana<\/li><li>Chupadouro I, em S\u00e3o Jo\u00e3o do Rio do Peixe<\/li><li>Cov\u00e3o, em Areial<\/li><li>Curimata\u00fa, em Barra de Santa Rosa<\/li><li>Em\u00eddio, em Montadas<\/li><li>Felismina Queiroz, em S\u00e3o Vicente do Serid\u00f3<\/li><li>Gamela, em Triunfo<\/li><li>Jandaia, em Bananeiras<\/li><li>Jatob\u00e1 II, em Princesa Isabel<\/li><li>Mamuleco, em Ibiara<\/li><li>Manguape, em S\u00e3o Sebasti\u00e3o de Lagoa de Ro\u00e7a<\/li><li>Milh\u00e3 (Evaldo Gon\u00e7alves), em Puxinan\u00e3<\/li><li>Nova Camar\u00e1, em Alagoa Nova<\/li><li>Olivedos, em Olivedos<\/li><li>Ouro Velho, em Ouro Velho<\/li><li>Pocinhos, em Monteiro<\/li><li>Poleiros, em Barra de Santa Rosa<\/li><li>Prata II, em Prata<\/li><li>Riacho de Santo Ant\u00f4nio, em Riacho de Santo Ant\u00f4nio<\/li><li>Sabonete, em Teixeira<\/li><li>Santa Rosa, em Brejo do Cruz<\/li><li>Serra Branca II, em Serra Branca<\/li><li>Serrote, em Monteiro<\/li><li>Soledade, em Soledade<\/li><li>Sum\u00e9, em Sum\u00e9<\/li><li>S\u00e3o Mamede, em S\u00e3o Mamede<\/li><li>Tapera, em Bel\u00e9m do Brejo do Cruz<\/li><li>V\u00e1rzea Grande, em Picu\u00ed<\/li><\/ul>\n\n\n\n<p>Not\u00edcias em Destaque<\/p>\n","protected":false},"excerpt":{"rendered":"<p>Um levantamento feito com base nos \u00faltimos volumes registrados em a\u00e7udes localizados na Para\u00edba mostra que o estado terminou o primeiro bimestre de 2020 com&hellip; <\/p>\n","protected":false},"author":2,"featured_media":156310,"comment_status":"closed","ping_status":"closed","sticky":false,"template":"","format":"standard","meta":{"sfsi_plus_gutenberg_text_before_share":"","sfsi_plus_gutenberg_show_text_before_share":"","sfsi_plus_gutenberg_icon_type":"","sfsi_plus_gutenberg_icon_alignemt":"","sfsi_plus_gutenburg_max_per_row":"","footnotes":""},"categories":[2],"tags":[],"class_list":["post-156309","post","type-post","status-publish","format-standard","has-post-thumbnail","hentry","category-geral"],"_links":{"self":[{"href":"https:\/\/www.caririemacao.com\/1\/wp-json\/wp\/v2\/posts\/156309","targetHints":{"allow":["GET"]}}],"collection":[{"href":"https:\/\/www.caririemacao.com\/1\/wp-json\/wp\/v2\/posts"}],"about":[{"href":"https:\/\/www.caririemacao.com\/1\/wp-json\/wp\/v2\/types\/post"}],"author":[{"embeddable":true,"href":"https:\/\/www.caririemacao.com\/1\/wp-json\/wp\/v2\/users\/2"}],"replies":[{"embeddable":true,"href":"https:\/\/www.caririemacao.com\/1\/wp-json\/wp\/v2\/comments?post=156309"}],"version-history":[{"count":1,"href":"https:\/\/www.caririemacao.com\/1\/wp-json\/wp\/v2\/posts\/156309\/revisions"}],"predecessor-version":[{"id":156311,"href":"https:\/\/www.caririemacao.com\/1\/wp-json\/wp\/v2\/posts\/156309\/revisions\/156311"}],"wp:featuredmedia":[{"embeddable":true,"href":"https:\/\/www.caririemacao.com\/1\/wp-json\/wp\/v2\/media\/156310"}],"wp:attachment":[{"href":"https:\/\/www.caririemacao.com\/1\/wp-json\/wp\/v2\/media?parent=156309"}],"wp:term":[{"taxonomy":"category","embeddable":true,"href":"https:\/\/www.caririemacao.com\/1\/wp-json\/wp\/v2\/categories?post=156309"},{"taxonomy":"post_tag","embeddable":true,"href":"https:\/\/www.caririemacao.com\/1\/wp-json\/wp\/v2\/tags?post=156309"}],"curies":[{"name":"wp","href":"https:\/\/api.w.org\/{rel}","templated":true}]}}