{"id":156313,"date":"2020-03-04T07:32:29","date_gmt":"2020-03-04T10:32:29","guid":{"rendered":"http:\/\/www.caririemacao.com\/1\/?p=156313"},"modified":"2020-03-04T07:32:30","modified_gmt":"2020-03-04T10:32:30","slug":"paraiba-ja-tem-quatro-casos-suspeitos-de-coronavirus","status":"publish","type":"post","link":"https:\/\/www.caririemacao.com\/1\/2020\/03\/04\/paraiba-ja-tem-quatro-casos-suspeitos-de-coronavirus\/","title":{"rendered":"Para\u00edba j\u00e1 tem quatro casos suspeitos de coronav\u00edrus"},"content":{"rendered":"\n<p>Subiu de dois para quatro o n\u00famero de casos suspeitos de coronav\u00edrus na Para\u00edba. Conforme nota divulgada nesta ter\u00e7a-feira (3) pela Secretaria de Estado da Sa\u00fade (SES), os dois novos casos notificados se referem a um homem de 31 anos e uma mulher de 27, ambos com hist\u00f3rico de viagem a Inglaterra e Fran\u00e7a, desembarcando no Brasil no dia 1\u00ba de mar\u00e7o j\u00e1 apresentando sintomas.<\/p>\n\n\n\n<p>Os dois buscaram assist\u00eancia m\u00e9dica por conta pr\u00f3pria, em um hospital privado nessa segunda (2), onde foram notificados pela Vigil\u00e2ncia Municipal de Jo\u00e3o Pessoa, que realizou coleta e monitora os casos durante isolamento domiciliar.<\/p>\n\n\n\n<h2 class=\"wp-block-heading\">Outros dois casos suspeitos<\/h2>\n\n\n\n<p>Na \u00faltima sexta-feira (28),&nbsp;dois casos suspeitos para o novo coronav\u00edrus (Covid-19)&nbsp;foram notificados na Para\u00edba. Tratam-se de um homem de 43 anos e de uma mulher de 31 anos, ambos com hist\u00f3rico de viagem \u00e0 Fran\u00e7a, com in\u00edcio de sintomatologia seis dias ap\u00f3s chegada ao Brasil.<\/p>\n\n\n\n<p>Os resultados dos exames que v\u00e3o confirmar ou n\u00e3o se as quatro pessoas est\u00e3o com o Covid-19 dever\u00e3o sair at\u00e9 esta sexta-feira (6).<\/p>\n\n\n\n<h2 class=\"wp-block-heading\">Caso descartado<\/h2>\n\n\n\n<p>No dia 24 de fevereiro a Para\u00edba fez a primeira notifica\u00e7\u00e3o de caso suspeito, que foi descartado no \u00faltimo dia 28, ap\u00f3s resultado de exames laboratoriais apontarem para&nbsp;gripe comum.<\/p>\n\n\n\n<p>A SES-PB segue com cinco pacientes suspeitos para Covid-19, sendo quatro em investiga\u00e7\u00e3o e um descartado. No Brasil, n\u00e3o h\u00e1 evid\u00eancias de circula\u00e7\u00e3o do v\u00edrus, sendo os dois casos confirmados em S\u00e3o Paulo, todos importados.<\/p>\n\n\n\n<h2 class=\"wp-block-heading\">Atendimento na Para\u00edba<\/h2>\n\n\n\n<p>A Para\u00edba possui um plano estadual para notifica\u00e7\u00e3o e assist\u00eancia para o novo Covid-19, elaborado desde o fim de janeiro e amplamente divulgado entre profissionais de sa\u00fade da rede p\u00fablica e privada de todo o estado.<\/p>\n\n\n\n<p>O Centro Operacional de Emerg\u00eancias em Sa\u00fade P\u00fablica (COE Estadual) realiza avalia\u00e7\u00e3o das a\u00e7\u00f5es executadas e desencadeia encaminhamentos para o fortalecimento da identifica\u00e7\u00e3o dos casos, de acordo com defini\u00e7\u00e3o.<\/p>\n\n\n\n<p>As unidades de refer\u00eancia para atendimento de casos prov\u00e1veis do Covid-19 s\u00e3o: o Hospital Clementino Fraga e Hospital Universit\u00e1rio Lauro Wanderley, sendo este \u00faltimo para pacientes da pediatria, em Jo\u00e3o Pessoa, e o Hospital Pedro I, em Campina Grande. Os quais devem receber os casos suspeitos, ap\u00f3s regula\u00e7\u00e3o m\u00e9dica.<\/p>\n\n\n\n<h2 class=\"wp-block-heading\">Sintomas suspeitos<\/h2>\n\n\n\n<p>Dor de garganta, febre e coriza s\u00e3o os sintomas mais comuns para o problema. Por\u00e9m, eles podem indicar uma gripe comum e para ajudar na avalia\u00e7\u00e3o m\u00e9dica, o paciente deve informar o hist\u00f3rico de viagem na hora da consulta.<\/p>\n\n\n\n<p>Fonte: Portal Correio<\/p>\n","protected":false},"excerpt":{"rendered":"<p>Subiu de dois para quatro o n\u00famero de casos suspeitos de coronav\u00edrus na Para\u00edba. Conforme nota divulgada nesta ter\u00e7a-feira (3) pela Secretaria de Estado da&hellip; <\/p>\n","protected":false},"author":2,"featured_media":156314,"comment_status":"closed","ping_status":"closed","sticky":false,"template":"","format":"standard","meta":{"sfsi_plus_gutenberg_text_before_share":"","sfsi_plus_gutenberg_show_text_before_share":"","sfsi_plus_gutenberg_icon_type":"","sfsi_plus_gutenberg_icon_alignemt":"","sfsi_plus_gutenburg_max_per_row":"","footnotes":""},"categories":[2],"tags":[],"class_list":["post-156313","post","type-post","status-publish","format-standard","has-post-thumbnail","hentry","category-geral"],"_links":{"self":[{"href":"https:\/\/www.caririemacao.com\/1\/wp-json\/wp\/v2\/posts\/156313","targetHints":{"allow":["GET"]}}],"collection":[{"href":"https:\/\/www.caririemacao.com\/1\/wp-json\/wp\/v2\/posts"}],"about":[{"href":"https:\/\/www.caririemacao.com\/1\/wp-json\/wp\/v2\/types\/post"}],"author":[{"embeddable":true,"href":"https:\/\/www.caririemacao.com\/1\/wp-json\/wp\/v2\/users\/2"}],"replies":[{"embeddable":true,"href":"https:\/\/www.caririemacao.com\/1\/wp-json\/wp\/v2\/comments?post=156313"}],"version-history":[{"count":1,"href":"https:\/\/www.caririemacao.com\/1\/wp-json\/wp\/v2\/posts\/156313\/revisions"}],"predecessor-version":[{"id":156315,"href":"https:\/\/www.caririemacao.com\/1\/wp-json\/wp\/v2\/posts\/156313\/revisions\/156315"}],"wp:featuredmedia":[{"embeddable":true,"href":"https:\/\/www.caririemacao.com\/1\/wp-json\/wp\/v2\/media\/156314"}],"wp:attachment":[{"href":"https:\/\/www.caririemacao.com\/1\/wp-json\/wp\/v2\/media?parent=156313"}],"wp:term":[{"taxonomy":"category","embeddable":true,"href":"https:\/\/www.caririemacao.com\/1\/wp-json\/wp\/v2\/categories?post=156313"},{"taxonomy":"post_tag","embeddable":true,"href":"https:\/\/www.caririemacao.com\/1\/wp-json\/wp\/v2\/tags?post=156313"}],"curies":[{"name":"wp","href":"https:\/\/api.w.org\/{rel}","templated":true}]}}