{"id":156321,"date":"2020-03-04T07:55:59","date_gmt":"2020-03-04T10:55:59","guid":{"rendered":"http:\/\/www.caririemacao.com\/1\/?p=156321"},"modified":"2020-03-04T07:56:01","modified_gmt":"2020-03-04T10:56:01","slug":"guia-pratico-ilustrado-orienta-estudantes-sobre-os-programas-de-assistencia-estudantil-da-ufcg-2","status":"publish","type":"post","link":"https:\/\/www.caririemacao.com\/1\/2020\/03\/04\/guia-pratico-ilustrado-orienta-estudantes-sobre-os-programas-de-assistencia-estudantil-da-ufcg-2\/","title":{"rendered":"Guia Pr\u00e1tico Ilustrado orienta estudantes sobre os Programas de Assist\u00eancia Estudantil da UFCG"},"content":{"rendered":"\n<p>Foi criado pelo N\u00facleo de Servi\u00e7o Social da Pr\u00f3-Reitoria de Assuntos Comunit\u00e1rios o Guia Pr\u00e1tico Ilustrado para os estudantes candidatos aos programas da assist\u00eancia estudantil da UFCG.<\/p>\n\n\n\n<p>O objetivo do Guia \u00e9 orientar aos estudantes candidatos aos Programas de Assist\u00eancia Estudantil da UFCG quanto ao processo de organiza\u00e7\u00e3o da documenta\u00e7\u00e3o necess\u00e1ria \u00e0 realiza\u00e7\u00e3o da Avalia\u00e7\u00e3o Socioecon\u00f4mica desenvolvida pelo N\u00facleo de Servi\u00e7o Social da Assist\u00eancia Estudantil dos diversos Campi, de maneira a favorecer o deferimento dos pedidos de ingresso junto aos Programas da PRAC.<\/p>\n\n\n\n<p>\u201cDessa forma, sua estrutura privilegia a orienta\u00e7\u00e3o ilustrada, em que os estudantes poder\u00e3o observar os modelos de documentos solicitados para cada situa\u00e7\u00e3o exigida pelo Edital que rege a Sele\u00e7\u00e3o\u201d.<\/p>\n\n\n\n<p>\u201cA organiza\u00e7\u00e3o do Guia est\u00e1 disposta a partir de toda a documenta\u00e7\u00e3o exigida para o\/a pr\u00f3prio\/a estudante, quanto para seu n\u00facleo familiar, al\u00e9m de outros documentos que podem ser necess\u00e1rios \u00e0 compreens\u00e3o pelos profissionais do Servi\u00e7o Social para avalia\u00e7\u00e3o da realidade socioecon\u00f4mica que envolve o estudante, a qual incide, diretamente, sobre suas possibilidades de perman\u00eancia na Universidade e no sucesso da conclus\u00e3o de seu curso superior\u201d.<\/p>\n\n\n\n<p>\u201cCom isso, o N\u00facleo de Servi\u00e7o Social espera contribuir com a diminui\u00e7\u00e3o dos \u00edndices de indeferimento nos processos seletivos pela aus\u00eancia ou apresenta\u00e7\u00e3o incorreta de documentos\u201d.<\/p>\n\n\n\n<p>Acesse&nbsp;<a href=\"http:\/\/www.cdsa.ufcg.edu.br\/cdsa\/phocadownload\/2020\/GUIA%20PRATICO-ILUSTRADO%20PRAC-Programas-2020.pdf\" target=\"_blank\" rel=\"noreferrer noopener\">aqui o Guia Pr\u00e1tico Ilustrado<\/a>.<\/p>\n\n\n\n<p>Assimp CDSA\/UFCG<\/p>\n","protected":false},"excerpt":{"rendered":"<p>Foi criado pelo N\u00facleo de Servi\u00e7o Social da Pr\u00f3-Reitoria de Assuntos Comunit\u00e1rios o Guia Pr\u00e1tico Ilustrado para os estudantes candidatos aos programas da assist\u00eancia estudantil&hellip; <\/p>\n","protected":false},"author":2,"featured_media":156323,"comment_status":"closed","ping_status":"closed","sticky":false,"template":"","format":"standard","meta":{"sfsi_plus_gutenberg_text_before_share":"","sfsi_plus_gutenberg_show_text_before_share":"","sfsi_plus_gutenberg_icon_type":"","sfsi_plus_gutenberg_icon_alignemt":"","sfsi_plus_gutenburg_max_per_row":"","footnotes":""},"categories":[2],"tags":[],"class_list":["post-156321","post","type-post","status-publish","format-standard","has-post-thumbnail","hentry","category-geral"],"_links":{"self":[{"href":"https:\/\/www.caririemacao.com\/1\/wp-json\/wp\/v2\/posts\/156321","targetHints":{"allow":["GET"]}}],"collection":[{"href":"https:\/\/www.caririemacao.com\/1\/wp-json\/wp\/v2\/posts"}],"about":[{"href":"https:\/\/www.caririemacao.com\/1\/wp-json\/wp\/v2\/types\/post"}],"author":[{"embeddable":true,"href":"https:\/\/www.caririemacao.com\/1\/wp-json\/wp\/v2\/users\/2"}],"replies":[{"embeddable":true,"href":"https:\/\/www.caririemacao.com\/1\/wp-json\/wp\/v2\/comments?post=156321"}],"version-history":[{"count":1,"href":"https:\/\/www.caririemacao.com\/1\/wp-json\/wp\/v2\/posts\/156321\/revisions"}],"predecessor-version":[{"id":156324,"href":"https:\/\/www.caririemacao.com\/1\/wp-json\/wp\/v2\/posts\/156321\/revisions\/156324"}],"wp:featuredmedia":[{"embeddable":true,"href":"https:\/\/www.caririemacao.com\/1\/wp-json\/wp\/v2\/media\/156323"}],"wp:attachment":[{"href":"https:\/\/www.caririemacao.com\/1\/wp-json\/wp\/v2\/media?parent=156321"}],"wp:term":[{"taxonomy":"category","embeddable":true,"href":"https:\/\/www.caririemacao.com\/1\/wp-json\/wp\/v2\/categories?post=156321"},{"taxonomy":"post_tag","embeddable":true,"href":"https:\/\/www.caririemacao.com\/1\/wp-json\/wp\/v2\/tags?post=156321"}],"curies":[{"name":"wp","href":"https:\/\/api.w.org\/{rel}","templated":true}]}}