{"id":156326,"date":"2020-03-04T07:57:27","date_gmt":"2020-03-04T10:57:27","guid":{"rendered":"http:\/\/www.caririemacao.com\/1\/?p=156326"},"modified":"2020-03-04T07:57:49","modified_gmt":"2020-03-04T10:57:49","slug":"prefeita-anna-lorena-participa-de-encontro-em-brasilia-nesta-semana","status":"publish","type":"post","link":"https:\/\/www.caririemacao.com\/1\/2020\/03\/04\/prefeita-anna-lorena-participa-de-encontro-em-brasilia-nesta-semana\/","title":{"rendered":"Prefeita Anna Lorena participa de Encontro em Bras\u00edlia nesta semana"},"content":{"rendered":"\n<p> A prefeita de Monteiro, Anna Lorena, participar\u00e1 de um encontro de trabalho promovido em Bras\u00edlia, de 03 a 05 de mar\u00e7o, pelo Instituto Alziras,em parceria com aMRS Log\u00edstica, Instituto Alana, Funda\u00e7\u00e3o Bernard Van Leer e o ICLEI Am\u00e9rica do Sul.<\/p>\n\n\n\n<p>O Instituto Alziras \u00e9 uma organiza\u00e7\u00e3o sem fins lucrativos com a miss\u00e3o de contribuir para o aumento da representa\u00e7\u00e3o feminina na pol\u00edtica. Seu nome \u00e9 uma homenagem a Alzira Teixeira Soriano, primeira mulher a vencer uma elei\u00e7\u00e3o no Brasil e a primeira prefeita eleita na Am\u00e9rica Latina em 1928.<\/p>\n\n\n\n<p>Foi a atua\u00e7\u00e3o pol\u00edtica de mulheres como Alzira que, 88 anos atr\u00e1s, em 24 de fevereiro de 1932, levou o presidente Get\u00falio Vargas a assinar o decreto que alterou o c\u00f3digo eleitoral e autorizou o voto feminino no Brasil.<\/p>\n\n\n\n<p>Para comemorar o voto feminino e o Dia Internacional da Mulher, em 8 de mar\u00e7o, o Instituto Alziras e seus parceiros organizaram esse Encontro que reunir\u00e1 15 Prefeitas de todas as regi\u00f5es do Brasil e abordar\u00e1 a participa\u00e7\u00e3o das mulheres na pol\u00edtica para a constru\u00e7\u00e3o de cidades mais humanas, democr\u00e1ticas e sustent\u00e1veis.<\/p>\n\n\n\n<p>Estar\u00e3o presentes representantes da Embaixada da Uni\u00e3o Europeia no Brasil, Instituto Clima e Sociedade, Funda\u00e7\u00e3o Avina al\u00e9m de organiza\u00e7\u00f5es de fomento como o Banco Interamericano de Desenvolvimento (BID) e o Banco de Desenvolvimento da Am\u00e9rica Latina (CAF).<\/p>\n\n\n\n<p>As Prefeitas tamb\u00e9m far\u00e3o a ades\u00e3o ao Pacto Global de Prefeitas pelo Clima e Energia, maior alian\u00e7a global de cidades e governos locais voluntariamente comprometidos com a luta contra as mudan\u00e7as clim\u00e1ticas, com a redu\u00e7\u00e3o de seus impactos inevit\u00e1veis e a facilita\u00e7\u00e3o do acesso \u00e0 energia sustent\u00e1vel e acess\u00edvel a todos.<\/p>\n","protected":false},"excerpt":{"rendered":"<p>A prefeita de Monteiro, Anna Lorena, participar\u00e1 de um encontro de trabalho promovido em Bras\u00edlia, de 03 a 05 de mar\u00e7o, pelo Instituto Alziras,em parceria&hellip; <\/p>\n","protected":false},"author":2,"featured_media":17531,"comment_status":"closed","ping_status":"closed","sticky":false,"template":"","format":"standard","meta":{"sfsi_plus_gutenberg_text_before_share":"","sfsi_plus_gutenberg_show_text_before_share":"","sfsi_plus_gutenberg_icon_type":"","sfsi_plus_gutenberg_icon_alignemt":"","sfsi_plus_gutenburg_max_per_row":"","footnotes":""},"categories":[2],"tags":[],"class_list":["post-156326","post","type-post","status-publish","format-standard","has-post-thumbnail","hentry","category-geral"],"_links":{"self":[{"href":"https:\/\/www.caririemacao.com\/1\/wp-json\/wp\/v2\/posts\/156326","targetHints":{"allow":["GET"]}}],"collection":[{"href":"https:\/\/www.caririemacao.com\/1\/wp-json\/wp\/v2\/posts"}],"about":[{"href":"https:\/\/www.caririemacao.com\/1\/wp-json\/wp\/v2\/types\/post"}],"author":[{"embeddable":true,"href":"https:\/\/www.caririemacao.com\/1\/wp-json\/wp\/v2\/users\/2"}],"replies":[{"embeddable":true,"href":"https:\/\/www.caririemacao.com\/1\/wp-json\/wp\/v2\/comments?post=156326"}],"version-history":[{"count":2,"href":"https:\/\/www.caririemacao.com\/1\/wp-json\/wp\/v2\/posts\/156326\/revisions"}],"predecessor-version":[{"id":156331,"href":"https:\/\/www.caririemacao.com\/1\/wp-json\/wp\/v2\/posts\/156326\/revisions\/156331"}],"wp:featuredmedia":[{"embeddable":true,"href":"https:\/\/www.caririemacao.com\/1\/wp-json\/wp\/v2\/media\/17531"}],"wp:attachment":[{"href":"https:\/\/www.caririemacao.com\/1\/wp-json\/wp\/v2\/media?parent=156326"}],"wp:term":[{"taxonomy":"category","embeddable":true,"href":"https:\/\/www.caririemacao.com\/1\/wp-json\/wp\/v2\/categories?post=156326"},{"taxonomy":"post_tag","embeddable":true,"href":"https:\/\/www.caririemacao.com\/1\/wp-json\/wp\/v2\/tags?post=156326"}],"curies":[{"name":"wp","href":"https:\/\/api.w.org\/{rel}","templated":true}]}}