{"id":156332,"date":"2020-03-04T08:02:16","date_gmt":"2020-03-04T11:02:16","guid":{"rendered":"http:\/\/www.caririemacao.com\/1\/?p=156332"},"modified":"2020-03-04T08:02:17","modified_gmt":"2020-03-04T11:02:17","slug":"cidade-do-cariri-e-contemplada-com-projeto-cidadania-de-primeira-e-criancas-de-0-a-6-anos-terao-direito-a-retirada-de-carteiras-de-identidade","status":"publish","type":"post","link":"https:\/\/www.caririemacao.com\/1\/2020\/03\/04\/cidade-do-cariri-e-contemplada-com-projeto-cidadania-de-primeira-e-criancas-de-0-a-6-anos-terao-direito-a-retirada-de-carteiras-de-identidade\/","title":{"rendered":"Cidade do Cariri \u00e9 contemplada com projeto \u2018Cidadania de Primeira\u2019 e crian\u00e7as de 0 a 6 anos ter\u00e3o direito a retirada de carteiras de identidade"},"content":{"rendered":"\n<p>\u00a0O projeto \u2018Cidadania de Primeira\u2019, desenvolvido pelo Minist\u00e9rio P\u00fablico da Para\u00edba e Tribunal de Justi\u00e7a, ser\u00e1 executado este ano nos munic\u00edpios de Campina Grande, Lagoa Seca e Boa Vista. A ades\u00e3o ao projeto ocorreu durante reuni\u00e3o promovida pela Promotoria da Crian\u00e7a e do Adolescente de Campina Grande, nessa segunda-feira (02\/03). O objetivo da iniciativa do F\u00f3rum Interestadual Permanente de Preven\u00e7\u00e3o ao Desaparecimento de Crian\u00e7as e Adolescente (Fica-PB) \u00e9 combater o desaparecimento infantil, utilizando o cadastro biom\u00e9trico de crian\u00e7as de 0 a 6 anos, por meio do Registro Geral (RG).<\/p>\n\n\n\n<p>Participaram da reuni\u00e3o as promotoras de Justi\u00e7a Elaine Pereira Alencar, Carla Simone Gurgel (integrantes do Programa de Localiza\u00e7\u00e3o e Identifica\u00e7\u00e3o de Desaparecidos \u2013 Plid) e Luciara Sime\u00e3o Moura (da Educa\u00e7\u00e3o); a assistente social da Vara da Inf\u00e2ncia e Juventude, Luciana Mickaelli King, e os secret\u00e1rios de Educa\u00e7\u00e3o dos tr\u00eas munic\u00edpios.<\/p>\n\n\n\n<p>Na reuni\u00e3o, as promotoras apresentaram o projeto piloto, que foi executado em 2019, na creche Ana Paula, em Campina Grande, apontando os resultados obtidos e import\u00e2ncia para a preven\u00e7\u00e3o do desaparecimento de crian\u00e7as e adolescentes. \u201cN\u00f3s tratamos da quest\u00e3o do desaparecimento, com foco no tr\u00e1fico de crian\u00e7as para ado\u00e7\u00e3o ilegal e outros objetivos. Mostramos a import\u00e2ncia do documento de identidade civil com registro biom\u00e9trico, como meio de preven\u00e7\u00e3o e como ajuda em caso de desaparecimento. Isso impactou bastante os gestores\u201d, disse a promotora Elaine Alencar.<\/p>\n\n\n\n<p>A promotora Elaine Alencar informou que, na reuni\u00e3o, ficou deliberado que os munic\u00edpios v\u00e3o encaminhar, at\u00e9 o pr\u00f3ximo dia 16, ao Fica a rela\u00e7\u00e3o dos alunos matriculados em creches e pr\u00e9-escolas. Foi informado ainda que Campina Grande possui cerca de 8 mil alunos nessa faixa et\u00e1ria; Lagoa Seca, cerca de 900; e Boa Vista, 350.<\/p>\n\n\n\n<p>De acordo com a promotora Elaine Alencar, o projeto ser\u00e1 executado entre mar\u00e7o e outubro deste ano, desde o diagn\u00f3stico inicial at\u00e9 o agendamento junto \u00e0 Casa da Cidadania para a retirada das carteiras de identidade. Em novembro, haver\u00e1 a presta\u00e7\u00e3o de contas do projeto com apresenta\u00e7\u00e3o dos resultados obtidos nos munic\u00edpios \u00e0 sociedade. O munic\u00edpio de Campina Grande pretende formalizar um termo de coopera\u00e7\u00e3o para o projeto n\u00e3o seja apenas uma a\u00e7\u00e3o pontual, mas se torne permanente para atender \u00e0 demanda reprimida de adolescentes que n\u00e3o possuem o documento de identidade e as crian\u00e7as que venham a nascer.<\/p>\n\n\n\n<p>Nesta quarta-feira (04\/03), ser\u00e1 realizada uma reuni\u00e3o com representantes da Secretaria de Educa\u00e7\u00e3o de Massaranduba, que tamb\u00e9m integra a Promotoria de Campina Grande, para apresenta\u00e7\u00e3o do projeto. O objetivo \u00e9 executar nos quatro munic\u00edpios. \u201cPretendemos que os gestores sejam os protagonistas na execu\u00e7\u00e3o do projeto para posa crescer e envolver mais munic\u00edpios. No projeto piloto, n\u00f3s como institui\u00e7\u00e3o, Minist\u00e9rio P\u00fablico e Tribunal de Justi\u00e7a, fomos os protagonistas. Agora queremos que os munic\u00edpios assumam o protagonismo e ficaremos na orienta\u00e7\u00e3o, articula\u00e7\u00e3o e elabora\u00e7\u00e3o conjunta do fluxo\u201d, concluiu a promotora.<\/p>\n\n\n\n<p><em>Ascom MPPB<\/em><\/p>\n","protected":false},"excerpt":{"rendered":"<p>\u00a0O projeto \u2018Cidadania de Primeira\u2019, desenvolvido pelo Minist\u00e9rio P\u00fablico da Para\u00edba e Tribunal de Justi\u00e7a, ser\u00e1 executado este ano nos munic\u00edpios de Campina Grande, Lagoa&hellip; <\/p>\n","protected":false},"author":2,"featured_media":156333,"comment_status":"closed","ping_status":"closed","sticky":false,"template":"","format":"standard","meta":{"sfsi_plus_gutenberg_text_before_share":"","sfsi_plus_gutenberg_show_text_before_share":"","sfsi_plus_gutenberg_icon_type":"","sfsi_plus_gutenberg_icon_alignemt":"","sfsi_plus_gutenburg_max_per_row":"","footnotes":""},"categories":[2],"tags":[],"class_list":["post-156332","post","type-post","status-publish","format-standard","has-post-thumbnail","hentry","category-geral"],"_links":{"self":[{"href":"https:\/\/www.caririemacao.com\/1\/wp-json\/wp\/v2\/posts\/156332","targetHints":{"allow":["GET"]}}],"collection":[{"href":"https:\/\/www.caririemacao.com\/1\/wp-json\/wp\/v2\/posts"}],"about":[{"href":"https:\/\/www.caririemacao.com\/1\/wp-json\/wp\/v2\/types\/post"}],"author":[{"embeddable":true,"href":"https:\/\/www.caririemacao.com\/1\/wp-json\/wp\/v2\/users\/2"}],"replies":[{"embeddable":true,"href":"https:\/\/www.caririemacao.com\/1\/wp-json\/wp\/v2\/comments?post=156332"}],"version-history":[{"count":1,"href":"https:\/\/www.caririemacao.com\/1\/wp-json\/wp\/v2\/posts\/156332\/revisions"}],"predecessor-version":[{"id":156334,"href":"https:\/\/www.caririemacao.com\/1\/wp-json\/wp\/v2\/posts\/156332\/revisions\/156334"}],"wp:featuredmedia":[{"embeddable":true,"href":"https:\/\/www.caririemacao.com\/1\/wp-json\/wp\/v2\/media\/156333"}],"wp:attachment":[{"href":"https:\/\/www.caririemacao.com\/1\/wp-json\/wp\/v2\/media?parent=156332"}],"wp:term":[{"taxonomy":"category","embeddable":true,"href":"https:\/\/www.caririemacao.com\/1\/wp-json\/wp\/v2\/categories?post=156332"},{"taxonomy":"post_tag","embeddable":true,"href":"https:\/\/www.caririemacao.com\/1\/wp-json\/wp\/v2\/tags?post=156332"}],"curies":[{"name":"wp","href":"https:\/\/api.w.org\/{rel}","templated":true}]}}