{"id":156336,"date":"2020-03-04T08:39:02","date_gmt":"2020-03-04T11:39:02","guid":{"rendered":"http:\/\/www.caririemacao.com\/1\/?p=156336"},"modified":"2020-03-04T08:45:12","modified_gmt":"2020-03-04T11:45:12","slug":"prefeito-de-sao-jose-dos-cordeiros-solicita-realizacao-de-acoes-a-cagepa","status":"publish","type":"post","link":"https:\/\/www.caririemacao.com\/1\/2020\/03\/04\/prefeito-de-sao-jose-dos-cordeiros-solicita-realizacao-de-acoes-a-cagepa\/","title":{"rendered":"Prefeito de S\u00e3o Jos\u00e9 dos Cordeiros solicita a CAGEPA, realiza\u00e7\u00e3o de a\u00e7\u00f5es para o munic\u00edpio"},"content":{"rendered":"\n<p>O prefeito de S\u00e3o Jos\u00e9 dos Cordeiros, Jefferson Roberto encaminhou um of\u00edcio ao diretor e presidente da CAGEPA, Marcos Neves, em que solicita que sejam realizadas a\u00e7\u00f5es no municipio. &#8220;Que tragam \u00e9gua de boa qualidade&#8221; disse o prefeito.<\/p>\n\n\n\n<p>Na oportunidade foi solicitado extens\u00e3o de rede da \u00e1gua nas ruas pr\u00f3ximas ao posto de combust\u00edvel, na comunidade Retiro pr\u00f3ximo a casa de Dami\u00e3o. <\/p>\n\n\n\n<p>Foi solicitado ainda a constru\u00e7\u00e3o de chafarizes nas comunidades: Pedra Lavrada, Boa Vista e Brito.<\/p>\n\n\n\n<p>&#8220;Hoje recebemos a visita de t\u00e9cnicos da empresa e vamos aguardar os pr\u00f3ximos passos&#8221; disse o prefeito. <\/p>\n","protected":false},"excerpt":{"rendered":"<p>O prefeito de S\u00e3o Jos\u00e9 dos Cordeiros, Jefferson Roberto encaminhou um of\u00edcio ao diretor e presidente da CAGEPA, Marcos Neves, em que solicita que sejam&hellip; <\/p>\n","protected":false},"author":1,"featured_media":156286,"comment_status":"closed","ping_status":"closed","sticky":false,"template":"","format":"standard","meta":{"sfsi_plus_gutenberg_text_before_share":"","sfsi_plus_gutenberg_show_text_before_share":"","sfsi_plus_gutenberg_icon_type":"","sfsi_plus_gutenberg_icon_alignemt":"","sfsi_plus_gutenburg_max_per_row":"","footnotes":""},"categories":[6,50],"tags":[],"class_list":["post-156336","post","type-post","status-publish","format-standard","has-post-thumbnail","hentry","category-cidades","category-destaque"],"_links":{"self":[{"href":"https:\/\/www.caririemacao.com\/1\/wp-json\/wp\/v2\/posts\/156336","targetHints":{"allow":["GET"]}}],"collection":[{"href":"https:\/\/www.caririemacao.com\/1\/wp-json\/wp\/v2\/posts"}],"about":[{"href":"https:\/\/www.caririemacao.com\/1\/wp-json\/wp\/v2\/types\/post"}],"author":[{"embeddable":true,"href":"https:\/\/www.caririemacao.com\/1\/wp-json\/wp\/v2\/users\/1"}],"replies":[{"embeddable":true,"href":"https:\/\/www.caririemacao.com\/1\/wp-json\/wp\/v2\/comments?post=156336"}],"version-history":[{"count":2,"href":"https:\/\/www.caririemacao.com\/1\/wp-json\/wp\/v2\/posts\/156336\/revisions"}],"predecessor-version":[{"id":156350,"href":"https:\/\/www.caririemacao.com\/1\/wp-json\/wp\/v2\/posts\/156336\/revisions\/156350"}],"wp:featuredmedia":[{"embeddable":true,"href":"https:\/\/www.caririemacao.com\/1\/wp-json\/wp\/v2\/media\/156286"}],"wp:attachment":[{"href":"https:\/\/www.caririemacao.com\/1\/wp-json\/wp\/v2\/media?parent=156336"}],"wp:term":[{"taxonomy":"category","embeddable":true,"href":"https:\/\/www.caririemacao.com\/1\/wp-json\/wp\/v2\/categories?post=156336"},{"taxonomy":"post_tag","embeddable":true,"href":"https:\/\/www.caririemacao.com\/1\/wp-json\/wp\/v2\/tags?post=156336"}],"curies":[{"name":"wp","href":"https:\/\/api.w.org\/{rel}","templated":true}]}}