{"id":156340,"date":"2020-03-04T08:30:10","date_gmt":"2020-03-04T11:30:10","guid":{"rendered":"http:\/\/www.caririemacao.com\/1\/?p=156340"},"modified":"2020-03-04T08:30:12","modified_gmt":"2020-03-04T11:30:12","slug":"danca-de-alunos-em-versao-funk-do-hino-nacional-gera-polemica-e-protestos-na-paraiba","status":"publish","type":"post","link":"https:\/\/www.caririemacao.com\/1\/2020\/03\/04\/danca-de-alunos-em-versao-funk-do-hino-nacional-gera-polemica-e-protestos-na-paraiba\/","title":{"rendered":"Dan\u00e7a de alunos em vers\u00e3o funk do Hino Nacional gera pol\u00eamica e protestos na Para\u00edba"},"content":{"rendered":"\n<div class=\"wp-block-image\"><figure class=\"aligncenter\"><img decoding=\"async\" data-src=\"http:\/\/deolhonocariri.com.br\/wp-content\/uploads\/2020\/03\/hino_nacional_no_passinho.jpg\" alt=\"\" class=\"wp-image-78679 lazyload\" src=\"data:image\/svg+xml;base64,PHN2ZyB3aWR0aD0iMSIgaGVpZ2h0PSIxIiB4bWxucz0iaHR0cDovL3d3dy53My5vcmcvMjAwMC9zdmciPjwvc3ZnPg==\" \/><\/figure><\/div>\n\n\n\n<p>Um grupo de alunos da cidade de Pedra Lavrada, na regi\u00e3o de Cuit\u00e9, viralizou nas redes sociais ap\u00f3s apresentar o Hino Nacional em ritmo de passinho. A apresenta\u00e7\u00e3o teria acontecido na tarde desta segunda-feira (02) no audit\u00f3rio da Escola Maria Elenita Carvalho.<\/p>\n\n\n\n<p>Os pr\u00f3prios alunos teriam planejado a apresenta\u00e7\u00e3o como forma de boas-vindas ao novo ano letivo, que teria come\u00e7ado nesta segunda-feira (02). V\u00e1rios estudantes que estavam na plateia assistindo a apresenta\u00e7\u00e3o, aproveitaram o momento para registrar em v\u00eddeo, que se espalhou rapidamente pelas redes sociais.<\/p>\n\n\n\n<figure><iframe data-src=\"https:\/\/www.youtube.com\/embed\/mf5hDTrudsg\" width=\"727\" height=\"409\" allowfullscreen=\"allowfullscreen\" src=\"data:image\/svg+xml;base64,PHN2ZyB3aWR0aD0iMSIgaGVpZ2h0PSIxIiB4bWxucz0iaHR0cDovL3d3dy53My5vcmcvMjAwMC9zdmciPjwvc3ZnPg==\" class=\"lazyload\" data-load-mode=\"1\"><\/iframe><\/figure>\n\n\n\n<p>Nas redes sociais, internautas criticaram a postura dos estudantes diante do Hino Nacional, considerado s\u00edmbolo do pa\u00eds. Alguns chegaram a repudiar a falta de respeito que os alunos teriam demonstrado ao dan\u00e7ar e rebolar durante a execu\u00e7\u00e3o do Hino.<\/p>\n\n\n\n<p>J\u00e1 outro grupo de internautas considerou louv\u00e1vel a criatividade dos estudantes e parabenizou a apresenta\u00e7\u00e3o. O&nbsp;assunto rendeu pol\u00eamica na regi\u00e3o.<\/p>\n\n\n\n<p>O Hino Nacional mixado em ritmo de bregafunk tem se popularizado entre os adolescentes que, em brincadeiras, fazem coreografias e performances apresentando a can\u00e7\u00e3o composta por Francisco Manuel da Silva com letra de Joaquim Os\u00f3rio Duque-Estrada.<\/p>\n\n\n\n<p><em>Click PB<\/em><\/p>\n","protected":false},"excerpt":{"rendered":"<p>Um grupo de alunos da cidade de Pedra Lavrada, na regi\u00e3o de Cuit\u00e9, viralizou nas redes sociais ap\u00f3s apresentar o Hino Nacional em ritmo de&hellip; <\/p>\n","protected":false},"author":2,"featured_media":156341,"comment_status":"closed","ping_status":"closed","sticky":false,"template":"","format":"standard","meta":{"sfsi_plus_gutenberg_text_before_share":"","sfsi_plus_gutenberg_show_text_before_share":"","sfsi_plus_gutenberg_icon_type":"","sfsi_plus_gutenberg_icon_alignemt":"","sfsi_plus_gutenburg_max_per_row":"","footnotes":""},"categories":[2],"tags":[],"class_list":["post-156340","post","type-post","status-publish","format-standard","has-post-thumbnail","hentry","category-geral"],"_links":{"self":[{"href":"https:\/\/www.caririemacao.com\/1\/wp-json\/wp\/v2\/posts\/156340","targetHints":{"allow":["GET"]}}],"collection":[{"href":"https:\/\/www.caririemacao.com\/1\/wp-json\/wp\/v2\/posts"}],"about":[{"href":"https:\/\/www.caririemacao.com\/1\/wp-json\/wp\/v2\/types\/post"}],"author":[{"embeddable":true,"href":"https:\/\/www.caririemacao.com\/1\/wp-json\/wp\/v2\/users\/2"}],"replies":[{"embeddable":true,"href":"https:\/\/www.caririemacao.com\/1\/wp-json\/wp\/v2\/comments?post=156340"}],"version-history":[{"count":1,"href":"https:\/\/www.caririemacao.com\/1\/wp-json\/wp\/v2\/posts\/156340\/revisions"}],"predecessor-version":[{"id":156342,"href":"https:\/\/www.caririemacao.com\/1\/wp-json\/wp\/v2\/posts\/156340\/revisions\/156342"}],"wp:featuredmedia":[{"embeddable":true,"href":"https:\/\/www.caririemacao.com\/1\/wp-json\/wp\/v2\/media\/156341"}],"wp:attachment":[{"href":"https:\/\/www.caririemacao.com\/1\/wp-json\/wp\/v2\/media?parent=156340"}],"wp:term":[{"taxonomy":"category","embeddable":true,"href":"https:\/\/www.caririemacao.com\/1\/wp-json\/wp\/v2\/categories?post=156340"},{"taxonomy":"post_tag","embeddable":true,"href":"https:\/\/www.caririemacao.com\/1\/wp-json\/wp\/v2\/tags?post=156340"}],"curies":[{"name":"wp","href":"https:\/\/api.w.org\/{rel}","templated":true}]}}