{"id":156344,"date":"2020-03-04T08:43:10","date_gmt":"2020-03-04T11:43:10","guid":{"rendered":"http:\/\/www.caririemacao.com\/1\/?p=156344"},"modified":"2020-03-04T08:43:13","modified_gmt":"2020-03-04T11:43:13","slug":"pedido-da-defesa-de-ricardo-coutinho-para-suspender-uso-de-tornozeleira-eletronica-e-distribuido-para-ministra-laurita-vaz","status":"publish","type":"post","link":"https:\/\/www.caririemacao.com\/1\/2020\/03\/04\/pedido-da-defesa-de-ricardo-coutinho-para-suspender-uso-de-tornozeleira-eletronica-e-distribuido-para-ministra-laurita-vaz\/","title":{"rendered":"Pedido da defesa de Ricardo Coutinho para suspender uso de tornozeleira eletr\u00f4nica \u00e9 distribu\u00eddo para ministra Laurita Vaz"},"content":{"rendered":"\n<p>&nbsp;defesa do&nbsp;ex-governador Ricardo Coutinho entrou com um pedido no Supremo Tribunal de Justi\u00e7a (STJ) nesta segunda-feira&nbsp;(2)&nbsp;para suspender o uso da tornozeleira eletr\u00f4nica pelo denunciado. O processo avan\u00e7a e&nbsp;foi&nbsp;distribu\u00eddo para a ministra Laurita Vaz na tarde desta ter\u00e7a-feira (3). A decis\u00e3o pode ser anunciada a qualquer momento.<\/p>\n\n\n\n<p>Ricardo j\u00e1 tinha sido preso em dezembro, na s\u00e9tima fase da Opera\u00e7\u00e3o Calv\u00e1rio \u2013 Ju\u00edzo Final, sendo solto ainda no mesmo m\u00eas ap\u00f3s a pris\u00e3o&nbsp;ter sido substitu\u00edda por medidas cautelares.<\/p>\n\n\n\n<p>A determina\u00e7\u00e3o do uso do equipamento foi feita pelo&nbsp;desembargador Ricardo Vital de Almeida, relator da Opera\u00e7\u00e3o Calv\u00e1rio no Tribunal de Justi\u00e7a da Para\u00edba, no \u00faltimo dia&nbsp;(21). Ele ainda determinou o recolhimento domiciliar noturno, no endere\u00e7o residencial, das 20h at\u00e9 as 5h.&nbsp;Mais outros sete investigados na Opera\u00e7\u00e3o Calv\u00e1rio foram obrigados a fazer o uso das pulseiras eletr\u00f4nicas.<\/p>\n\n\n\n<div class=\"wp-block-image\"><figure class=\"aligncenter\"><img decoding=\"async\" data-src=\"http:\/\/deolhonocariri.com.br\/wp-content\/uploads\/2020\/03\/screenshot_1.png\" alt=\"\" class=\"wp-image-78671 lazyload\" src=\"data:image\/svg+xml;base64,PHN2ZyB3aWR0aD0iMSIgaGVpZ2h0PSIxIiB4bWxucz0iaHR0cDovL3d3dy53My5vcmcvMjAwMC9zdmciPjwvc3ZnPg==\" \/><\/figure><\/div>\n\n\n\n<p><em>Click PB<\/em><\/p>\n","protected":false},"excerpt":{"rendered":"<p>&nbsp;defesa do&nbsp;ex-governador Ricardo Coutinho entrou com um pedido no Supremo Tribunal de Justi\u00e7a (STJ) nesta segunda-feira&nbsp;(2)&nbsp;para suspender o uso da tornozeleira eletr\u00f4nica pelo denunciado. O&hellip; <\/p>\n","protected":false},"author":2,"featured_media":156346,"comment_status":"closed","ping_status":"closed","sticky":false,"template":"","format":"standard","meta":{"sfsi_plus_gutenberg_text_before_share":"","sfsi_plus_gutenberg_show_text_before_share":"","sfsi_plus_gutenberg_icon_type":"","sfsi_plus_gutenberg_icon_alignemt":"","sfsi_plus_gutenburg_max_per_row":"","footnotes":""},"categories":[2],"tags":[],"class_list":["post-156344","post","type-post","status-publish","format-standard","has-post-thumbnail","hentry","category-geral"],"_links":{"self":[{"href":"https:\/\/www.caririemacao.com\/1\/wp-json\/wp\/v2\/posts\/156344","targetHints":{"allow":["GET"]}}],"collection":[{"href":"https:\/\/www.caririemacao.com\/1\/wp-json\/wp\/v2\/posts"}],"about":[{"href":"https:\/\/www.caririemacao.com\/1\/wp-json\/wp\/v2\/types\/post"}],"author":[{"embeddable":true,"href":"https:\/\/www.caririemacao.com\/1\/wp-json\/wp\/v2\/users\/2"}],"replies":[{"embeddable":true,"href":"https:\/\/www.caririemacao.com\/1\/wp-json\/wp\/v2\/comments?post=156344"}],"version-history":[{"count":1,"href":"https:\/\/www.caririemacao.com\/1\/wp-json\/wp\/v2\/posts\/156344\/revisions"}],"predecessor-version":[{"id":156347,"href":"https:\/\/www.caririemacao.com\/1\/wp-json\/wp\/v2\/posts\/156344\/revisions\/156347"}],"wp:featuredmedia":[{"embeddable":true,"href":"https:\/\/www.caririemacao.com\/1\/wp-json\/wp\/v2\/media\/156346"}],"wp:attachment":[{"href":"https:\/\/www.caririemacao.com\/1\/wp-json\/wp\/v2\/media?parent=156344"}],"wp:term":[{"taxonomy":"category","embeddable":true,"href":"https:\/\/www.caririemacao.com\/1\/wp-json\/wp\/v2\/categories?post=156344"},{"taxonomy":"post_tag","embeddable":true,"href":"https:\/\/www.caririemacao.com\/1\/wp-json\/wp\/v2\/tags?post=156344"}],"curies":[{"name":"wp","href":"https:\/\/api.w.org\/{rel}","templated":true}]}}