{"id":156354,"date":"2020-03-04T10:12:51","date_gmt":"2020-03-04T13:12:51","guid":{"rendered":"http:\/\/www.caririemacao.com\/1\/?p=156354"},"modified":"2020-03-04T10:12:53","modified_gmt":"2020-03-04T13:12:53","slug":"brasil-registra-488-casos-suspeitos-de-coronavirus","status":"publish","type":"post","link":"https:\/\/www.caririemacao.com\/1\/2020\/03\/04\/brasil-registra-488-casos-suspeitos-de-coronavirus\/","title":{"rendered":"Brasil registra 488 casos suspeitos de coronav\u00edrus"},"content":{"rendered":"\n<p>Nesta ter\u00e7a-feira (3), o subsecret\u00e1rio de Vigil\u00e2ncia em Sa\u00fade, Wanderson de Oliveira, anunciou que o Brasil registra 488 casos suspeitos do novo coronav\u00edrus. Tamb\u00e9m disse que 240 casos foram descartados. At\u00e9 o momento, o Brasil confirmou dois casos do novo coronav\u00edrus. Os pacientes moram em S\u00e3o Paulo e contra\u00edram a doen\u00e7a durante visita recente \u00e0 It\u00e1lia.<\/p>\n\n\n\n<p>O relat\u00f3rio da Organiza\u00e7\u00e3o Mundial da Sa\u00fade (OMS), divulgado ontem (2), mostra que o Covid-19 est\u00e1 presente em 64 pa\u00edses e a taxa de letalidade \u00e9 de 3,4%.<\/p>\n\n\n\n<figure class=\"wp-block-image\"><img decoding=\"async\" data-src=\"https:\/\/imagens.ebc.com.br\/HqYSJ_6VcSog60FvcV4qgZ2lXb0=\/754x0\/smart\/https:\/\/agenciabrasil.ebc.com.br\/sites\/default\/files\/thumbnails\/image\/coronavirus_no_mundo_-_oms.jpg?itok=aT7BbM9A\" alt=\"coronavirus_no_mundo_-_oms\" src=\"data:image\/svg+xml;base64,PHN2ZyB3aWR0aD0iMSIgaGVpZ2h0PSIxIiB4bWxucz0iaHR0cDovL3d3dy53My5vcmcvMjAwMC9zdmciPjwvc3ZnPg==\" class=\"lazyload\" \/><\/figure>\n\n\n\n<h6 class=\"wp-block-heading\">Relat\u00f3rio da Organiza\u00e7\u00e3o Mundial da Sa\u00fade sobre novo coronav\u00edrus (02\/3\/2020) &#8211;&nbsp;<strong>Minist\u00e9rio da Sa\u00fade<\/strong><\/h6>\n\n\n\n<p>O secret\u00e1rio executivo do Minist\u00e9rio da Sa\u00fade, Jo\u00e3o Gabbardo, disse que novos pa\u00edses ser\u00e3o inclu\u00eddos na lista para definir suspeitos de coronav\u00edrus, entre eles os Estados Unidos. A lista de 16 pa\u00edses subiu para 27. Acredita-se que nos pr\u00f3ximos dias, aumente muito o n\u00famero de casos suspeitos no Brasil j\u00e1 que os Estados Unidos \u00e9 um pa\u00eds bastante visitado por brasileiros.<\/p>\n\n\n\n<h2 class=\"wp-block-heading\">Corrida aos hospitais<\/h2>\n\n\n\n<p>O secret\u00e1rio explicou que n\u00e3o h\u00e1 necessidade das pessoas que apresentam tosse ou febre leve corram para as unidades de sa\u00fade. Ele recomenda que se o cidad\u00e3o apresenta alguns dos sintomas, pode ligar para o 136 para tirar d\u00favidas.<\/p>\n\n\n\n<blockquote class=\"wp-block-quote is-layout-flow wp-block-quote-is-layout-flow\"><p>\u201cN\u00f3s n\u00e3o precisamos impor as pessoas que procurem as unidades de sa\u00fade com sintomas leves. Vamos deixar para ir \u00e0 unidade m\u00e9dica quem est\u00e1 com sintomas mais graves\u201d.<\/p><\/blockquote>\n\n\n\n<p>O governo estuda aumentar a capacidade de atendimento nas Unidades de Aten\u00e7\u00e3o B\u00e1sica de Sa\u00fade. \u201cUnidades b\u00e1sicas de sa\u00fade ter\u00e3o uma nova pol\u00edtica de incentivo para ampliar a oferta de atendimento para evitar a sobrecarga nas emerg\u00eancias dos hospitais.\u201d<\/p>\n\n\n\n<p>Gabbardo tamb\u00e9m explicou que \u00e0 medida que o v\u00edrus se espalha pelo mundo, ser\u00e1 mudado o crit\u00e9rio para dizer se o paciente \u00e9 um caso suspeito de coronav\u00edrus. \u201cEm breve ser\u00e1: tem sintomas e tem viagem internacional entra para lista de suspeito. N\u00e3o ser\u00e1 mais necess\u00e1rio fazer lista de pa\u00edses suspeitos.\u201d E antecipou que chegar\u00e1 um momento em que ser\u00e1 adotada a vigil\u00e2ncia sentinela, que monitora a tend\u00eancia de aumento da circula\u00e7\u00e3o do v\u00edrus na regi\u00e3o.<\/p>\n\n\n\n<h2 class=\"wp-block-heading\">Exames do novo coronav\u00edrus<\/h2>\n\n\n\n<p>Minist\u00e9rio de Sa\u00fade ampliou o n\u00famero de laborat\u00f3rios capazes de detectar o Covid-19. Al\u00e9m de S\u00e3o Paulo, Rio Grande do Sul, Amazonas, Esp\u00edrito Santo, Paran\u00e1 e Santa Catarina est\u00e3o preparados para fazer exame que detecta o novo coronav\u00edrus. \u201cTemos que ter resposta laboratorial condizentes a nova demanda\u201d, afirmou Gabbardo. &nbsp;<\/p>\n\n\n\n<h2 class=\"wp-block-heading\"><em>Fake news sobre coronav\u00edrus<\/em><\/h2>\n\n\n\n<p>Gabbardo criticou as not\u00edcias falsas (<em>fake news<\/em>) que est\u00e3o circulando nas redes sociais. Citou o v\u00eddeo que fala do impacto do&nbsp;<a href=\"https:\/\/agenciabrasil.ebc.com.br\/saude\/noticia\/2020-02\/alcool-gel-e-eficaz-na-prevencao-ao-coronavirus-afirma-conselho\" target=\"_blank\" rel=\"noreferrer noopener\">\u00e1lcool em gel<\/a>&nbsp;no teste do baf\u00f4metro.<\/p>\n\n\n\n<blockquote class=\"wp-block-quote is-layout-flow wp-block-quote-is-layout-flow\"><p>&#8220;Isso tecnicamente \u00e9 imposs\u00edvel. Ningu\u00e9m vai ser multado em uma barreira de tr\u00e2nsito porque passou \u00e1lcool gel nas m\u00e3os. O uso das fake news \u00e9 muito prejudicial para toda a popula\u00e7\u00e3o. O uso do \u00e1lcool gel \u00e9 fundamental.&#8221;<\/p><\/blockquote>\n\n\n\n<h2 class=\"wp-block-heading\">Circula\u00e7\u00e3o do novo coronav\u00edrus no Brasil<\/h2>\n\n\n\n<p>Oliveira disse que n\u00e3o h\u00e1 ainda comprova\u00e7\u00e3o de que o v\u00edrus j\u00e1 esteja circulando no Brasil. \u201cEstamos monitorando todos os casos de febre e sintoma respirat\u00f3rio. N\u00f3s temos uma s\u00e9rie de evid\u00eancias mostrando que ocorrem casos a partir de casos assintom\u00e1ticos.\u201d<\/p>\n\n\n\n<h2 class=\"wp-block-heading\">Investimento em pesquisa<\/h2>\n\n\n\n<p>Ontem (1), o ministro de Ci\u00eancia, Tecnologia, Inova\u00e7\u00e3o e Comunica\u00e7\u00f5es, Marcos Pontes, anunciou que o pa\u00eds prev\u00ea o&nbsp;<a href=\"https:\/\/agenciabrasil.ebc.com.br\/saude\/noticia\/2020-03\/novo-coronavirus-brasil-deve-investir-r-10-milhoes-em-pesquisas\" target=\"_blank\" rel=\"noreferrer noopener\">investimento de R$ 10 milh\u00f5es<\/a>&nbsp;em pesquisas voltadas para mapeamento e sequenciamento do Covid-19.<\/p>\n\n\n\n<h2 class=\"wp-block-heading\">Cancelamento dos Jogos Ol\u00edmpicos<\/h2>\n\n\n\n<p>O subsecret\u00e1rio de Vigil\u00e2ncia em Sa\u00fade ressaltou que a decis\u00e3o \u00e9 do pa\u00eds sede, mas acredita que at\u00e9 l\u00e1 o Jap\u00e3o ter\u00e1 condi\u00e7\u00f5es de sediar o evento esportivo com seguran\u00e7a. &#8220;Somos solid\u00e1rios ao Jap\u00e3o. Vivemos uma situa\u00e7\u00e3o semelhante na \u00e9poca da Olimp\u00edada no Rio com a v\u00edrus Zika. Temos que avaliar a evolu\u00e7\u00e3o da ci\u00eancia nos pr\u00f3ximos dois meses que vai eluciadar muitas a\u00e7\u00f5es. Acho que o Jap\u00e3o tem capacidade para realizar o evento. L\u00e1 estar\u00e1 no ver\u00e3o e o Jap\u00e3o tem um bom sistema de sa\u00fade&#8221;, afirmou.<\/p>\n\n\n\n<p>Assita a coletiva de imprensa do Minist\u00e9rio da Sa\u00fade na \u00edntegra:<\/p>\n\n\n\n<figure><iframe allowfullscreen=\"true\" height=\"382\" data-src=\"https:\/\/www.facebook.com\/plugins\/video.php?href=https%3A%2F%2Fwww.facebook.com%2Fagenciabrasil.ebc%2Fvideos%2F631470561019572%2F&amp;show_text=1&amp;width=560\" width=\"560\" src=\"data:image\/svg+xml;base64,PHN2ZyB3aWR0aD0iMSIgaGVpZ2h0PSIxIiB4bWxucz0iaHR0cDovL3d3dy53My5vcmcvMjAwMC9zdmciPjwvc3ZnPg==\" class=\"lazyload\" data-load-mode=\"1\"><\/iframe><\/figure>\n\n\n\n<h2 class=\"wp-block-heading\">Lista dos pa\u00edses monitorados pelo Brasil &#8211; coronav\u00edrus<\/h2>\n\n\n\n<p>1. Alemanha *<br>2. Austr\u00e1lia *<br>3. Canad\u00e1 *<br>4. China *<br>5. Coreia do Norte *<br>6. Coreia do Sul *<br>7. Cro\u00e1cia *<br>8. Dinamarca *<br>9. Emirados \u00c1rabes Unidos *<br>10. Espanha *<br>11. Estados Unidos *<br>12. Finl\u00e2ndia *<br>13. Fran\u00e7a *<br>14. Gr\u00e9cia *<br>15. Holanda*<br>16. Indon\u00e9sia *<br>17. Ir\u00e3 *<br>18. It\u00e1lia *<br>19. Jap\u00e3o *<br>20. Mal\u00e1sia *<br>21. Noruega *<br>22. Reino Unido *<br>23. San Marino **<br>24. Singapura *<br>25. Su\u00ed\u00e7a *<br>26. Tail\u00e2ndia *<br>27. Vietn\u00e3 *<\/p>\n\n\n\n<p>Al\u00e9m deles, Filipinas e Camboja, que n\u00e3o t\u00eam transmiss\u00e3o local, mas est\u00e3o na regi\u00e3o afetada.<\/p>\n\n\n\n<p>*Pa\u00edses com transmiss\u00e3o local, segundo a OMS<br>**San Marino est\u00e1 em an\u00e1lise pelo Minist\u00e9rio da Sa\u00fade<\/p>\n","protected":false},"excerpt":{"rendered":"<p>Nesta ter\u00e7a-feira (3), o subsecret\u00e1rio de Vigil\u00e2ncia em Sa\u00fade, Wanderson de Oliveira, anunciou que o Brasil registra 488 casos suspeitos do novo coronav\u00edrus. Tamb\u00e9m disse&hellip; <\/p>\n","protected":false},"author":2,"featured_media":156356,"comment_status":"closed","ping_status":"closed","sticky":false,"template":"","format":"standard","meta":{"sfsi_plus_gutenberg_text_before_share":"","sfsi_plus_gutenberg_show_text_before_share":"","sfsi_plus_gutenberg_icon_type":"","sfsi_plus_gutenberg_icon_alignemt":"","sfsi_plus_gutenburg_max_per_row":"","footnotes":""},"categories":[2],"tags":[],"class_list":["post-156354","post","type-post","status-publish","format-standard","has-post-thumbnail","hentry","category-geral"],"_links":{"self":[{"href":"https:\/\/www.caririemacao.com\/1\/wp-json\/wp\/v2\/posts\/156354","targetHints":{"allow":["GET"]}}],"collection":[{"href":"https:\/\/www.caririemacao.com\/1\/wp-json\/wp\/v2\/posts"}],"about":[{"href":"https:\/\/www.caririemacao.com\/1\/wp-json\/wp\/v2\/types\/post"}],"author":[{"embeddable":true,"href":"https:\/\/www.caririemacao.com\/1\/wp-json\/wp\/v2\/users\/2"}],"replies":[{"embeddable":true,"href":"https:\/\/www.caririemacao.com\/1\/wp-json\/wp\/v2\/comments?post=156354"}],"version-history":[{"count":1,"href":"https:\/\/www.caririemacao.com\/1\/wp-json\/wp\/v2\/posts\/156354\/revisions"}],"predecessor-version":[{"id":156357,"href":"https:\/\/www.caririemacao.com\/1\/wp-json\/wp\/v2\/posts\/156354\/revisions\/156357"}],"wp:featuredmedia":[{"embeddable":true,"href":"https:\/\/www.caririemacao.com\/1\/wp-json\/wp\/v2\/media\/156356"}],"wp:attachment":[{"href":"https:\/\/www.caririemacao.com\/1\/wp-json\/wp\/v2\/media?parent=156354"}],"wp:term":[{"taxonomy":"category","embeddable":true,"href":"https:\/\/www.caririemacao.com\/1\/wp-json\/wp\/v2\/categories?post=156354"},{"taxonomy":"post_tag","embeddable":true,"href":"https:\/\/www.caririemacao.com\/1\/wp-json\/wp\/v2\/tags?post=156354"}],"curies":[{"name":"wp","href":"https:\/\/api.w.org\/{rel}","templated":true}]}}