{"id":156358,"date":"2020-03-04T10:14:24","date_gmt":"2020-03-04T13:14:24","guid":{"rendered":"http:\/\/www.caririemacao.com\/1\/?p=156358"},"modified":"2020-03-04T10:14:26","modified_gmt":"2020-03-04T13:14:26","slug":"alcool-gel-e-eficaz-na-prevencao-ao-coronavirus-afirma-conselho-2","status":"publish","type":"post","link":"https:\/\/www.caririemacao.com\/1\/2020\/03\/04\/alcool-gel-e-eficaz-na-prevencao-ao-coronavirus-afirma-conselho-2\/","title":{"rendered":"\u00c1lcool gel \u00e9 eficaz na preven\u00e7\u00e3o ao coronav\u00edrus, afirma conselho"},"content":{"rendered":"\n<p>O uso de \u00e1lcool gel para higiene das m\u00e3os como preven\u00e7\u00e3o ao coronav\u00edrus \u00e9 eficaz. Em nota,&nbsp;o Conselho Federal de Qu\u00edmica (CFQ) criticou a&nbsp;<a href=\"http:\/\/agenciabrasil.ebc.com.br\/saude\/noticia\/2020-02\/disseminacao-de-fake-news-sobre-o-coronavirus-preocupam-especialistas\" target=\"_blank\" rel=\"noreferrer noopener\">dissemina\u00e7\u00e3o de fake news<\/a>&nbsp;por meio de um v\u00eddeo, com informa\u00e7\u00f5es equivocadas e incorretas a respeito do emprego do \u00e1lcool gel, divulgado por um \u201cqu\u00edmico autodidata\u201d.<\/p>\n\n\n\n<p>Assinada pelo presidente da entidade, Jos\u00e9 de Ribamar Oliveira Filho, a nota do conselho esclarece que o \u00e1lcool et\u00edlico (etanol) \u00e9 um eficiente desinfetante de superf\u00edcies\/objetos e antiss\u00e9ptico de pele. \u201cPara este prop\u00f3sito, o grau alco\u00f3lico recomendado \u00e9 70%, condi\u00e7\u00e3o que propicia a desnatura\u00e7\u00e3o de prote\u00ednas e de estruturas lip\u00eddicas da membrana celular, e a consequente destrui\u00e7\u00e3o do microrganismo.\u201d<\/p>\n\n\n\n<p>Segundo a entidade, o etanol age rapidamente sobre bact\u00e9rias vegetativas (inclusive microbact\u00e9rias), v\u00edrus e fungos, sendo a higieniza\u00e7\u00e3o equivalente e at\u00e9 superior \u00e0 lavagem de m\u00e3os com sab\u00e3o comum ou alguns tipos de antiss\u00e9pticos.<\/p>\n\n\n\n<p>O conselho lembra que a Ag\u00eancia Nacional de Vigil\u00e2ncia Sanit\u00e1ria (Anvisa) tornou obrigat\u00f3ria a disponibiliza\u00e7\u00e3o de prepara\u00e7\u00e3o alco\u00f3lica (ou sua vers\u00e3o em gel) para fric\u00e7\u00e3o antiss\u00e9ptica das m\u00e3os pelos servi\u00e7os de sa\u00fade do pa\u00eds.<\/p>\n\n\n\n<p>A entidade lembra que a Organiza\u00e7\u00e3o Mundial de Sa\u00fade (OMS) emitiu uma orienta\u00e7\u00e3o sobre a efic\u00e1cia da utiliza\u00e7\u00e3o de \u00e1lcool gel como medida preventiva e mitigat\u00f3ria ao Covid-19, tanto nos setores da sa\u00fade quanto para a comunidade em geral.<\/p>\n\n\n\n<p>\u201cT\u00e3o importante quanto proteger a popula\u00e7\u00e3o no que diz respeito ao cont\u00e1gio do novo v\u00edrus \u00e9 evitar o alarmismo e a viraliza\u00e7\u00e3o de conte\u00fados sem a devida verifica\u00e7\u00e3o\u201d, afirmou o presidente do CFQ, apelando para que a sociedade busque informa\u00e7\u00f5es v\u00e1lidas e de fontes confi\u00e1veis, em especial as emitidas pelas autoridades de Sa\u00fade.<\/p>\n\n\n\n<h2 class=\"wp-block-heading\">Den\u00fancia ao Minist\u00e9rio P\u00fablico<\/h2>\n\n\n\n<p>O CFQ afirmou ainda que n\u00e3o reconhece como v\u00e1lida a denomina\u00e7\u00e3o de \u201cqu\u00edmico autodidata\u201d ou a de pessoas que atuem nas atividades da qu\u00edmica sem o devido registro profissional.<\/p>\n\n\n\n<p>Segundo a entidade, a falta do registro configura infra\u00e7\u00e3o tipificada no artigo 47 da Lei de Contraven\u00e7\u00f5es Penais (3.688\/41) como exerc\u00edcio ilegal da profiss\u00e3o \u2013 sem preju\u00edzo de enquadramento em outras normas legais.<\/p>\n\n\n\n<p>Constatadas irregularidades no que tange \u00e0 qualifica\u00e7\u00e3o e ao registro profissional, o conselho vai oferecer den\u00fancia junto ao Minist\u00e9rio P\u00fablico, observando a devida prote\u00e7\u00e3o \u00e0 popula\u00e7\u00e3o.<\/p>\n\n\n\n<h2 class=\"wp-block-heading\">Medidas preventivas<\/h2>\n\n\n\n<p>O Minist\u00e9rio da Sa\u00fade recomenda como medidas de preven\u00e7\u00e3o ao&nbsp;<a href=\"http:\/\/agenciabrasil.ebc.com.br\/tags\/coronavirus\" target=\"_blank\" rel=\"noreferrer noopener\">novo coronav\u00edrus<\/a>:<\/p>\n\n\n\n<p>&#8211; lavar as m\u00e3os frequentemente com \u00e1gua e sabonete por pelo menos 20 segundos, ou usar desinfetante para as m\u00e3os \u00e0 base de \u00e1lcool quando a primeira op\u00e7\u00e3o n\u00e3o for poss\u00edvel;<\/p>\n\n\n\n<p>&#8211; evitar tocar nos olhos, nariz e boca com as m\u00e3os n\u00e3o lavadas;<\/p>\n\n\n\n<p>&#8211; evitar contato pr\u00f3ximo com pessoas doentes;<\/p>\n\n\n\n<p>&#8211; ficar em casa quando estiver doente;<\/p>\n\n\n\n<p>&#8211; usar um len\u00e7o de papel para cobrir boca e nariz ao tossir ou espirrar, e descart\u00e1-lo no lixo ap\u00f3s o uso;&nbsp;<\/p>\n\n\n\n<p>&#8211; n\u00e3o compartilhar copos, talheres e objetos de uso pessoal;<\/p>\n\n\n\n<p>&#8211; limpar e desinfetar objetos e superf\u00edcies tocados com frequ\u00eancia.<\/p>\n\n\n\n<p>Outros cuidados importantes s\u00e3o manter ambientes bem ventilados&nbsp;e higienizar as m\u00e3os ap\u00f3s tossir ou espirrar.<\/p>\n\n\n\n<p>O minist\u00e9rio explica que n\u00e3o h\u00e1 nenhum medicamento, subst\u00e2ncia, vitamina, alimento espec\u00edfico ou vacina que possa prevenir a infec\u00e7\u00e3o pelo novo coronav\u00edrus.<\/p>\n","protected":false},"excerpt":{"rendered":"<p>O uso de \u00e1lcool gel para higiene das m\u00e3os como preven\u00e7\u00e3o ao coronav\u00edrus \u00e9 eficaz. Em nota,&nbsp;o Conselho Federal de Qu\u00edmica (CFQ) criticou a&nbsp;dissemina\u00e7\u00e3o de&hellip; <\/p>\n","protected":false},"author":2,"featured_media":156359,"comment_status":"closed","ping_status":"closed","sticky":false,"template":"","format":"standard","meta":{"sfsi_plus_gutenberg_text_before_share":"","sfsi_plus_gutenberg_show_text_before_share":"","sfsi_plus_gutenberg_icon_type":"","sfsi_plus_gutenberg_icon_alignemt":"","sfsi_plus_gutenburg_max_per_row":"","footnotes":""},"categories":[2],"tags":[],"class_list":["post-156358","post","type-post","status-publish","format-standard","has-post-thumbnail","hentry","category-geral"],"_links":{"self":[{"href":"https:\/\/www.caririemacao.com\/1\/wp-json\/wp\/v2\/posts\/156358","targetHints":{"allow":["GET"]}}],"collection":[{"href":"https:\/\/www.caririemacao.com\/1\/wp-json\/wp\/v2\/posts"}],"about":[{"href":"https:\/\/www.caririemacao.com\/1\/wp-json\/wp\/v2\/types\/post"}],"author":[{"embeddable":true,"href":"https:\/\/www.caririemacao.com\/1\/wp-json\/wp\/v2\/users\/2"}],"replies":[{"embeddable":true,"href":"https:\/\/www.caririemacao.com\/1\/wp-json\/wp\/v2\/comments?post=156358"}],"version-history":[{"count":1,"href":"https:\/\/www.caririemacao.com\/1\/wp-json\/wp\/v2\/posts\/156358\/revisions"}],"predecessor-version":[{"id":156360,"href":"https:\/\/www.caririemacao.com\/1\/wp-json\/wp\/v2\/posts\/156358\/revisions\/156360"}],"wp:featuredmedia":[{"embeddable":true,"href":"https:\/\/www.caririemacao.com\/1\/wp-json\/wp\/v2\/media\/156359"}],"wp:attachment":[{"href":"https:\/\/www.caririemacao.com\/1\/wp-json\/wp\/v2\/media?parent=156358"}],"wp:term":[{"taxonomy":"category","embeddable":true,"href":"https:\/\/www.caririemacao.com\/1\/wp-json\/wp\/v2\/categories?post=156358"},{"taxonomy":"post_tag","embeddable":true,"href":"https:\/\/www.caririemacao.com\/1\/wp-json\/wp\/v2\/tags?post=156358"}],"curies":[{"name":"wp","href":"https:\/\/api.w.org\/{rel}","templated":true}]}}