{"id":156369,"date":"2020-03-04T11:10:56","date_gmt":"2020-03-04T14:10:56","guid":{"rendered":"http:\/\/www.caririemacao.com\/1\/?p=156369"},"modified":"2020-03-04T11:10:58","modified_gmt":"2020-03-04T14:10:58","slug":"comissao-mista-aprova-13o-permanente-para-beneficiarios-do-bolsa-familia-e-do-bpc","status":"publish","type":"post","link":"https:\/\/www.caririemacao.com\/1\/2020\/03\/04\/comissao-mista-aprova-13o-permanente-para-beneficiarios-do-bolsa-familia-e-do-bpc\/","title":{"rendered":"Comiss\u00e3o mista aprova 13\u00ba permanente para benefici\u00e1rios do Bolsa Fam\u00edlia e do BPC"},"content":{"rendered":"\n<p>O relat\u00f3rio sobre a Medida provis\u00f3ria do 13\u00ba do Bolsa Fam\u00edlia e Benef\u00edcio de Presta\u00e7\u00e3o Continuada, o BPC, foi aprovado nesta ter\u00e7a-feira pela comiss\u00e3o mista da C\u00e2mara e Senado.<\/p>\n\n\n\n<p><br>O texto segue para an\u00e1lise do plen\u00e1rio da C\u00e2mara dos deputados e, se aprovado, ser\u00e1 votado pelo plen\u00e1rio do Senado.<\/p>\n\n\n\n<p><br>A proposta original enviada pelo governo no ano passado previu o pagamento, apenas em 2019, de um benef\u00edcio extra aos atendidos pelo programa Bolsa Fam\u00edlia.<\/p>\n\n\n\n<p><br>O relator da Proposta, senador Randolfe Rodrigues, do partido Rede, decidiu tornar o benef\u00edcio permanente e estender o 13\u00ba aos benefici\u00e1rios de outro tipo de assist\u00eancia do governo &#8211; no caso, o BPC.<\/p>\n\n\n\n<p><br>O senador diz estar otimista. Ele acredita que o texto seja votado pelas duas casas antes do dia 24 de mar\u00e7o, que \u00e9 quando caduca.<\/p>\n\n\n\n<p><br>\u201cSe a C\u00e2mara e o Senado quiserem, eu j\u00e1 vi medidas provis\u00f3rias tramitarem aqui em prazos muito mais curtos. A demonstra\u00e7\u00e3o da aprova\u00e7\u00e3o por unanimidade que n\u00f3s tivemos agora nessa comiss\u00e3o mista me parece que \u00e9 uma sinaliza\u00e7\u00e3o clara e concreta de que \u00e9 poss\u00edvel ter esse acordo de l\u00edderes para aprovarmos a MP primeiro na C\u00e2mara e, depois, no Senado\u201d.<\/p>\n\n\n\n<p><br>Para cobrir o impacto fiscal do projeto, o senador Randolfe aponta como solu\u00e7\u00e3o uma emenda que prev\u00ea a tributa\u00e7\u00e3o sobre os fundos de investimento fechados.<\/p>\n\n\n\n<p><br>J\u00e1 contr\u00e1ria a proposta, a vice-l\u00edder do governo no Congresso, deputada Bia Kicis, do PSL, defendeu que a previs\u00e3o de um benef\u00edcio extra pode ser editada anualmente.&nbsp; Segundo a deputada, n\u00e3o h\u00e1 espa\u00e7o or\u00e7ament\u00e1rio para criar o benef\u00edcio permanente.<\/p>\n\n\n\n<p><br>\u201cA solu\u00e7\u00e3o apontada no relat\u00f3rio \u00e9 materialmente imposs\u00edvel de ser cumprida pelo governo\u201d.<\/p>\n\n\n\n<p><br>O pagamento do 13\u00ba do Bolsa Fam\u00edlia custa, hoje, cerca de R$ 2,5 bilh\u00f5es. O valor m\u00e9dio do benef\u00edcio \u00e9 de R$ 191 por fam\u00edlia. No caso do BPC, o benef\u00edcio \u00e9 de um sal\u00e1rio m\u00ednimo, hoje em R$ 1.045.<\/p>\n","protected":false},"excerpt":{"rendered":"<p>O relat\u00f3rio sobre a Medida provis\u00f3ria do 13\u00ba do Bolsa Fam\u00edlia e Benef\u00edcio de Presta\u00e7\u00e3o Continuada, o BPC, foi aprovado nesta ter\u00e7a-feira pela comiss\u00e3o mista&hellip; <\/p>\n","protected":false},"author":2,"featured_media":88412,"comment_status":"closed","ping_status":"closed","sticky":false,"template":"","format":"standard","meta":{"sfsi_plus_gutenberg_text_before_share":"","sfsi_plus_gutenberg_show_text_before_share":"","sfsi_plus_gutenberg_icon_type":"","sfsi_plus_gutenberg_icon_alignemt":"","sfsi_plus_gutenburg_max_per_row":"","footnotes":""},"categories":[2],"tags":[],"class_list":["post-156369","post","type-post","status-publish","format-standard","has-post-thumbnail","hentry","category-geral"],"_links":{"self":[{"href":"https:\/\/www.caririemacao.com\/1\/wp-json\/wp\/v2\/posts\/156369","targetHints":{"allow":["GET"]}}],"collection":[{"href":"https:\/\/www.caririemacao.com\/1\/wp-json\/wp\/v2\/posts"}],"about":[{"href":"https:\/\/www.caririemacao.com\/1\/wp-json\/wp\/v2\/types\/post"}],"author":[{"embeddable":true,"href":"https:\/\/www.caririemacao.com\/1\/wp-json\/wp\/v2\/users\/2"}],"replies":[{"embeddable":true,"href":"https:\/\/www.caririemacao.com\/1\/wp-json\/wp\/v2\/comments?post=156369"}],"version-history":[{"count":1,"href":"https:\/\/www.caririemacao.com\/1\/wp-json\/wp\/v2\/posts\/156369\/revisions"}],"predecessor-version":[{"id":156370,"href":"https:\/\/www.caririemacao.com\/1\/wp-json\/wp\/v2\/posts\/156369\/revisions\/156370"}],"wp:featuredmedia":[{"embeddable":true,"href":"https:\/\/www.caririemacao.com\/1\/wp-json\/wp\/v2\/media\/88412"}],"wp:attachment":[{"href":"https:\/\/www.caririemacao.com\/1\/wp-json\/wp\/v2\/media?parent=156369"}],"wp:term":[{"taxonomy":"category","embeddable":true,"href":"https:\/\/www.caririemacao.com\/1\/wp-json\/wp\/v2\/categories?post=156369"},{"taxonomy":"post_tag","embeddable":true,"href":"https:\/\/www.caririemacao.com\/1\/wp-json\/wp\/v2\/tags?post=156369"}],"curies":[{"name":"wp","href":"https:\/\/api.w.org\/{rel}","templated":true}]}}