{"id":156372,"date":"2020-03-04T11:16:39","date_gmt":"2020-03-04T14:16:39","guid":{"rendered":"http:\/\/www.caririemacao.com\/1\/?p=156372"},"modified":"2020-03-04T11:16:41","modified_gmt":"2020-03-04T14:16:41","slug":"promotor-de-justica-de-monteiro-e-sume-afirma-pm-esta-agindo-de-acordo-com-a-lei-na-realizacao-das-blitz-e-assim-deve-continuar-veja-video","status":"publish","type":"post","link":"https:\/\/www.caririemacao.com\/1\/2020\/03\/04\/promotor-de-justica-de-monteiro-e-sume-afirma-pm-esta-agindo-de-acordo-com-a-lei-na-realizacao-das-blitz-e-assim-deve-continuar-veja-video\/","title":{"rendered":"Promotor de Justi\u00e7a de Monteiro e Sum\u00e9 afirma: PM est\u00e1 agindo de acordo com a lei na realiza\u00e7\u00e3o das blitz e assim deve continuar. Veja v\u00eddeo"},"content":{"rendered":"\n<figure class=\"wp-block-image\"><a href=\"https:\/\/opipoco.com.br\/wp-content\/uploads\/2019\/03\/promotor-de-justi%C3%A7a-Bruno-Leonardo-Lins-300x188.jpg\"><img decoding=\"async\" data-src=\"https:\/\/opipoco.com.br\/wp-content\/uploads\/2019\/03\/promotor-de-justi%C3%A7a-Bruno-Leonardo-Lins-300x188.jpg\" alt=\"Resultado de imagem para promotor de justi\u00e7a dr bruno  lins\" src=\"data:image\/svg+xml;base64,PHN2ZyB3aWR0aD0iMSIgaGVpZ2h0PSIxIiB4bWxucz0iaHR0cDovL3d3dy53My5vcmcvMjAwMC9zdmciPjwvc3ZnPg==\" class=\"lazyload\" style=\"--smush-placeholder-width: 300px; --smush-placeholder-aspect-ratio: 300\/188;\" \/><\/a><\/figure>\n\n\n\n<p>O promotor de Justi\u00e7a Dr. Bruno Lins, que atualmente est\u00e1 cumulando as fun\u00e7\u00f5es nas comarcas de Monteiro e de Sum\u00e9, deixou claro mais uma vez, que as blitz que est\u00e3o sendo realizadas em Monteiro e no Cariri, s\u00e3o a\u00e7\u00f5es que est\u00e3o dentro da ei, e que a seguran\u00e7a p\u00fablica do Cariri est\u00e1 apenas cumprindo o seu dever.<br>O juiz, afirmou que nenhum prefeito teria autonomia de criar lei municipal, para proibir a realiza\u00e7\u00e3o das blitzen, e que a PM deve CONTINUAR agindo de acordo com o que determina a legisla\u00e7\u00e3o.<br>\u201cInfelizmente a popula\u00e7\u00e3o est\u00e1 questionando esta inciativa das blitz onde h\u00e1 a apreens\u00e3o de ve\u00edculos. A conduta da Policia Militar est\u00e1 de acordo com a lei\u201d, disse o promotor.<br>\u201cMesmo que viesse uma lei municipal proibindo a Policia Militar de fazer esta apreens\u00e3o, A PM&nbsp;<strong>DEVE<\/strong>&nbsp;continuar apreendendo por que ela est\u00e1 agindo de acordo com o C\u00f3digo de Tr\u00e2nsito Brasileiro\u201d, completou.<br>Constantemente apresentadores de programas de r\u00e1dios ligadas ao grupo Henrique de Comunica\u00e7\u00e3o, tem insistido em jogar a culpa para a gestora de Monteiro Anna Lorena, pela realiza\u00e7\u00e3o das blitz, o que foi desmentido pelas declara\u00e7\u00f5es do Promotor de Justi\u00e7a.<\/p>\n\n\n\n<p>Confira o v\u00eddeo em entrevista ao rep\u00f3rter Rodolfo Silva da R\u00e1dio CIDADE FM&nbsp; de Sum\u00e9:<\/p>\n\n\n\n<p><\/p>\n\n\n\n<figure><iframe allowfullscreen=\"allowfullscreen\" height=\"210\" data-src=\"https:\/\/www.blogger.com\/video.g?token=AD6v5dxKqhEbK_CWlzmFYlNkGav9QtAqgcUWmMMH5n6CZ7Gx5wi70h6ic9_X9X2ulDOS-hyXYiwE5v_zfGRTFa1NRXkrjze8DsgzBYvj1ZEOPatgVvmGk9sSnPD6imy6ZoCh8_k4dwxk\" width=\"280\" src=\"data:image\/svg+xml;base64,PHN2ZyB3aWR0aD0iMSIgaGVpZ2h0PSIxIiB4bWxucz0iaHR0cDovL3d3dy53My5vcmcvMjAwMC9zdmciPjwvc3ZnPg==\" class=\"lazyload\" data-load-mode=\"1\"><\/iframe><\/figure>\n\n\n\n<p>Blog F\u00e1bioBrito<\/p>\n","protected":false},"excerpt":{"rendered":"<p>O promotor de Justi\u00e7a Dr. Bruno Lins, que atualmente est\u00e1 cumulando as fun\u00e7\u00f5es nas comarcas de Monteiro e de Sum\u00e9, deixou claro mais uma vez,&hellip; <\/p>\n","protected":false},"author":2,"featured_media":96375,"comment_status":"closed","ping_status":"closed","sticky":false,"template":"","format":"standard","meta":{"sfsi_plus_gutenberg_text_before_share":"","sfsi_plus_gutenberg_show_text_before_share":"","sfsi_plus_gutenberg_icon_type":"","sfsi_plus_gutenberg_icon_alignemt":"","sfsi_plus_gutenburg_max_per_row":"","footnotes":""},"categories":[12],"tags":[],"class_list":["post-156372","post","type-post","status-publish","format-standard","has-post-thumbnail","hentry","category-policia"],"_links":{"self":[{"href":"https:\/\/www.caririemacao.com\/1\/wp-json\/wp\/v2\/posts\/156372","targetHints":{"allow":["GET"]}}],"collection":[{"href":"https:\/\/www.caririemacao.com\/1\/wp-json\/wp\/v2\/posts"}],"about":[{"href":"https:\/\/www.caririemacao.com\/1\/wp-json\/wp\/v2\/types\/post"}],"author":[{"embeddable":true,"href":"https:\/\/www.caririemacao.com\/1\/wp-json\/wp\/v2\/users\/2"}],"replies":[{"embeddable":true,"href":"https:\/\/www.caririemacao.com\/1\/wp-json\/wp\/v2\/comments?post=156372"}],"version-history":[{"count":1,"href":"https:\/\/www.caririemacao.com\/1\/wp-json\/wp\/v2\/posts\/156372\/revisions"}],"predecessor-version":[{"id":156374,"href":"https:\/\/www.caririemacao.com\/1\/wp-json\/wp\/v2\/posts\/156372\/revisions\/156374"}],"wp:featuredmedia":[{"embeddable":true,"href":"https:\/\/www.caririemacao.com\/1\/wp-json\/wp\/v2\/media\/96375"}],"wp:attachment":[{"href":"https:\/\/www.caririemacao.com\/1\/wp-json\/wp\/v2\/media?parent=156372"}],"wp:term":[{"taxonomy":"category","embeddable":true,"href":"https:\/\/www.caririemacao.com\/1\/wp-json\/wp\/v2\/categories?post=156372"},{"taxonomy":"post_tag","embeddable":true,"href":"https:\/\/www.caririemacao.com\/1\/wp-json\/wp\/v2\/tags?post=156372"}],"curies":[{"name":"wp","href":"https:\/\/api.w.org\/{rel}","templated":true}]}}