{"id":156378,"date":"2020-03-04T11:23:32","date_gmt":"2020-03-04T14:23:32","guid":{"rendered":"http:\/\/www.caririemacao.com\/1\/?p=156378"},"modified":"2020-03-04T11:23:34","modified_gmt":"2020-03-04T14:23:34","slug":"bolsonaro-usa-humorista-da-record-para-desviar-perguntas-sobre-o-pib","status":"publish","type":"post","link":"https:\/\/www.caririemacao.com\/1\/2020\/03\/04\/bolsonaro-usa-humorista-da-record-para-desviar-perguntas-sobre-o-pib\/","title":{"rendered":"Bolsonaro usa humorista da Record para desviar perguntas sobre o PIB"},"content":{"rendered":"\n<p> O presidente Jair Bolsonaro evitou comentar a varia\u00e7\u00e3o do Produto Interno Bruto (PIB) de 1,1% em 2019. Ao ser questionado na manh\u00e3 desta quarta-feira (4), o presidente levou um humorista da TV Record que estava no Pal\u00e1cio da Alvorada e que saiu de um carro oficial junto com o secret\u00e1rio de Comunica\u00e7\u00e3o da Presid\u00eancia.<\/p>\n\n\n\n<p>&#8220;O que \u00e9 PIB? Pergunta para eles o que \u00e9 PIB&#8221;, &#8220;posto Ipiranga&#8221; e &#8220;outra pergunta&#8221; foram as respostas que Bolsonaro deu, por meio de um humorista, quando foi perguntado sobre o tema, na manh\u00e3 desta quarta-feira (4) no Pal\u00e1cio do Alvorada.<\/p>\n\n\n\n<ul class=\"wp-block-list\"><li><strong>LEIA MAIS<\/strong>:&nbsp;<a href=\"https:\/\/www.clickpb.com.br\/economia\/pib-do-brasil-cresce-11-em-2019-menor-avanco-em-3-anos-279139.html\">PIB do Brasil cresce 1,1% em 2019, menor avan\u00e7o em 3 anos<\/a><\/li><\/ul>\n\n\n\n<p>&#8220;Posto Ipiranga&#8221; \u00e9 o apelido que o presidente d\u00e1 ao ministro da Economia, Paulo Guedes, como sin\u00f4nimo de solu\u00e7\u00e3o para v\u00e1rios problemas.<\/p>\n\n\n\n<p>O comediante M\u00e1rvio L\u00facio, o Carioca, rec\u00e9m contratado pela TV Record, estava fantasiado de Jair Bolsnaro e usava uma faixa presidencial. Ele chegou \u00e0 portaria do Pal\u00e1cio da Alvorada pouco antes do pr\u00f3prio presidente num carro oficial acompanhado pelo chefe da Secom, F\u00e1bio Wajngarten.<\/p>\n\n\n\n<p>O humorista queria que os rep\u00f3rteres fizessem perguntas a ele \u2014 &#8220;Aqui \u00e9 o presidente fake: aproveita&#8221; \u2014&nbsp;mas n\u00e3o houve questionamentos. Quando o pr\u00f3prio Bolsonaro chegou, o presidente da Rep\u00fablica dizia ao comediante as respostas que deveria dar em rela\u00e7\u00e3o \u00e0s perguntas dos jornalistas. Os jornalistas insistiram que as perguntas eram para o pr\u00f3prio presidente, mas ele seguiu dando respostas evasivas sobre o PIB por meio do humorista.<\/p>\n","protected":false},"excerpt":{"rendered":"<p>O presidente Jair Bolsonaro evitou comentar a varia\u00e7\u00e3o do Produto Interno Bruto (PIB) de 1,1% em 2019. Ao ser questionado na manh\u00e3 desta quarta-feira (4),&hellip; <\/p>\n","protected":false},"author":2,"featured_media":156379,"comment_status":"closed","ping_status":"closed","sticky":false,"template":"","format":"standard","meta":{"sfsi_plus_gutenberg_text_before_share":"","sfsi_plus_gutenberg_show_text_before_share":"","sfsi_plus_gutenberg_icon_type":"","sfsi_plus_gutenberg_icon_alignemt":"","sfsi_plus_gutenburg_max_per_row":"","footnotes":""},"categories":[11],"tags":[],"class_list":["post-156378","post","type-post","status-publish","format-standard","has-post-thumbnail","hentry","category-politica"],"_links":{"self":[{"href":"https:\/\/www.caririemacao.com\/1\/wp-json\/wp\/v2\/posts\/156378","targetHints":{"allow":["GET"]}}],"collection":[{"href":"https:\/\/www.caririemacao.com\/1\/wp-json\/wp\/v2\/posts"}],"about":[{"href":"https:\/\/www.caririemacao.com\/1\/wp-json\/wp\/v2\/types\/post"}],"author":[{"embeddable":true,"href":"https:\/\/www.caririemacao.com\/1\/wp-json\/wp\/v2\/users\/2"}],"replies":[{"embeddable":true,"href":"https:\/\/www.caririemacao.com\/1\/wp-json\/wp\/v2\/comments?post=156378"}],"version-history":[{"count":1,"href":"https:\/\/www.caririemacao.com\/1\/wp-json\/wp\/v2\/posts\/156378\/revisions"}],"predecessor-version":[{"id":156380,"href":"https:\/\/www.caririemacao.com\/1\/wp-json\/wp\/v2\/posts\/156378\/revisions\/156380"}],"wp:featuredmedia":[{"embeddable":true,"href":"https:\/\/www.caririemacao.com\/1\/wp-json\/wp\/v2\/media\/156379"}],"wp:attachment":[{"href":"https:\/\/www.caririemacao.com\/1\/wp-json\/wp\/v2\/media?parent=156378"}],"wp:term":[{"taxonomy":"category","embeddable":true,"href":"https:\/\/www.caririemacao.com\/1\/wp-json\/wp\/v2\/categories?post=156378"},{"taxonomy":"post_tag","embeddable":true,"href":"https:\/\/www.caririemacao.com\/1\/wp-json\/wp\/v2\/tags?post=156378"}],"curies":[{"name":"wp","href":"https:\/\/api.w.org\/{rel}","templated":true}]}}