{"id":156391,"date":"2020-03-04T13:17:56","date_gmt":"2020-03-04T16:17:56","guid":{"rendered":"http:\/\/www.caririemacao.com\/1\/?p=156391"},"modified":"2020-03-04T13:17:58","modified_gmt":"2020-03-04T16:17:58","slug":"inspetora-da-prf-diz-que-alcool-em-gel-nao-altera-teste-do-bafometro","status":"publish","type":"post","link":"https:\/\/www.caririemacao.com\/1\/2020\/03\/04\/inspetora-da-prf-diz-que-alcool-em-gel-nao-altera-teste-do-bafometro\/","title":{"rendered":"Inspetora da PRF diz que \u00e1lcool em gel n\u00e3o altera teste do baf\u00f4metro"},"content":{"rendered":"\n<p><br>Ainspetora da Pol\u00edcia Rodovi\u00e1ria Federal (PRF), Keyla Melo, falou sobre um v\u00eddeo que tem repercutido no Brasil referente ao poss\u00edvel impacto do uso do\u00a0\u00e1lcool em gel no resultado do teste do baf\u00f4metro.<\/p>\n\n\n\n<p>Durante entrevista concedida a uma emissora de r\u00e1dio local, na manh\u00e3 desta quarta-feira (4), Keyla afirmou que o \u00e1lcool em gel n\u00e3o interfere no resultado.<\/p>\n\n\n\n<figure class=\"wp-block-image\"><img decoding=\"async\" data-src=\"https:\/\/paraibaonline.com.br\/wp-content\/uploads\/2019\/07\/novo-bafometro.jpg\" alt=\"Para\u00edba Online \u2022 Inspetora da PRF diz que \u00e1lcool em gel n\u00e3o altera teste do baf\u00f4metro\" class=\"wp-image-753696 lazyload\" src=\"data:image\/svg+xml;base64,PHN2ZyB3aWR0aD0iMSIgaGVpZ2h0PSIxIiB4bWxucz0iaHR0cDovL3d3dy53My5vcmcvMjAwMC9zdmciPjwvc3ZnPg==\" \/><\/figure>\n\n\n\n<p>Foto: Reprodu\u00e7\u00e3o<\/p>\n\n\n\n<p>\u2013 N\u00e3o tem qualquer influ\u00eancia no resultado. O teste \u00e9 feito em ambiente aberto e n\u00e3o \u00e9 um ambiente confinado, por um equipamento homologado pelo Inmetro. O equipamento que mostra no v\u00eddeo n\u00e3o \u00e9 o equipamento utilizado para a lavratura de autos de infra\u00e7\u00e3o. N\u00e3o vai ter qualquer interfer\u00eancia, j\u00e1 que \u00e9 o sopro. De toda forma, caso d\u00ea positivo, \u00e9 sempre feito um reteste no intervalo de 15 minutos \u2013 disse.<\/p>\n","protected":false},"excerpt":{"rendered":"<p>Ainspetora da Pol\u00edcia Rodovi\u00e1ria Federal (PRF), Keyla Melo, falou sobre um v\u00eddeo que tem repercutido no Brasil referente ao poss\u00edvel impacto do uso do\u00a0\u00e1lcool em&hellip; <\/p>\n","protected":false},"author":2,"featured_media":156392,"comment_status":"closed","ping_status":"closed","sticky":false,"template":"","format":"standard","meta":{"sfsi_plus_gutenberg_text_before_share":"","sfsi_plus_gutenberg_show_text_before_share":"","sfsi_plus_gutenberg_icon_type":"","sfsi_plus_gutenberg_icon_alignemt":"","sfsi_plus_gutenburg_max_per_row":"","footnotes":""},"categories":[2],"tags":[],"class_list":["post-156391","post","type-post","status-publish","format-standard","has-post-thumbnail","hentry","category-geral"],"_links":{"self":[{"href":"https:\/\/www.caririemacao.com\/1\/wp-json\/wp\/v2\/posts\/156391","targetHints":{"allow":["GET"]}}],"collection":[{"href":"https:\/\/www.caririemacao.com\/1\/wp-json\/wp\/v2\/posts"}],"about":[{"href":"https:\/\/www.caririemacao.com\/1\/wp-json\/wp\/v2\/types\/post"}],"author":[{"embeddable":true,"href":"https:\/\/www.caririemacao.com\/1\/wp-json\/wp\/v2\/users\/2"}],"replies":[{"embeddable":true,"href":"https:\/\/www.caririemacao.com\/1\/wp-json\/wp\/v2\/comments?post=156391"}],"version-history":[{"count":1,"href":"https:\/\/www.caririemacao.com\/1\/wp-json\/wp\/v2\/posts\/156391\/revisions"}],"predecessor-version":[{"id":156393,"href":"https:\/\/www.caririemacao.com\/1\/wp-json\/wp\/v2\/posts\/156391\/revisions\/156393"}],"wp:featuredmedia":[{"embeddable":true,"href":"https:\/\/www.caririemacao.com\/1\/wp-json\/wp\/v2\/media\/156392"}],"wp:attachment":[{"href":"https:\/\/www.caririemacao.com\/1\/wp-json\/wp\/v2\/media?parent=156391"}],"wp:term":[{"taxonomy":"category","embeddable":true,"href":"https:\/\/www.caririemacao.com\/1\/wp-json\/wp\/v2\/categories?post=156391"},{"taxonomy":"post_tag","embeddable":true,"href":"https:\/\/www.caririemacao.com\/1\/wp-json\/wp\/v2\/tags?post=156391"}],"curies":[{"name":"wp","href":"https:\/\/api.w.org\/{rel}","templated":true}]}}