{"id":156395,"date":"2020-03-04T13:19:21","date_gmt":"2020-03-04T16:19:21","guid":{"rendered":"http:\/\/www.caririemacao.com\/1\/?p=156395"},"modified":"2020-03-04T13:19:23","modified_gmt":"2020-03-04T16:19:23","slug":"botafogo-pb-encara-fluminense-e-quer-fazer-historia-no-maracana","status":"publish","type":"post","link":"https:\/\/www.caririemacao.com\/1\/2020\/03\/04\/botafogo-pb-encara-fluminense-e-quer-fazer-historia-no-maracana\/","title":{"rendered":"Botafogo-PB encara Fluminense e quer fazer hist\u00f3ria no Maracan\u00e3"},"content":{"rendered":"\n<p><br>Um jogo hist\u00f3rico, vale na vaga na terceira fase e uma inje\u00e7\u00e3o financeira muito bem vinda para as pretens\u00f5es futuras do clube.<\/p>\n\n\n\n<p>\u00c9 em busca desses dois prop\u00f3sitos que o Botafogo-PB entra em campo logo mais, \u00e0s 19h15, no Maracan\u00e3, para enfrentar o Fluminense pela segunda fase da Copa do Brasil.<\/p>\n\n\n\n<figure class=\"wp-block-image\"><img decoding=\"async\" data-src=\"https:\/\/paraibaonline.com.br\/wp-content\/uploads\/2020\/03\/Maracana_FLU.jpg\" alt=\"Para\u00edba Online \u2022 Botafogo-PB encara Fluminense e quer fazer hist\u00f3ria no Maracan\u00e3\" class=\"wp-image-841111 lazyload\" src=\"data:image\/svg+xml;base64,PHN2ZyB3aWR0aD0iMSIgaGVpZ2h0PSIxIiB4bWxucz0iaHR0cDovL3d3dy53My5vcmcvMjAwMC9zdmciPjwvc3ZnPg==\" \/><\/figure>\n\n\n\n<p>Foto: Divulga\u00e7\u00e3o \/ Fluminense<\/p>\n\n\n\n<p>Para que isso aconte\u00e7a, vai precisar jogar mais do que vem apresentando e buscar a vit\u00f3ria, apesar da sua invencibilidade na temporada e dos quatro empates consecutivos nos \u00faltimos quatro jogos.<\/p>\n\n\n\n<p>Em caso de mais uma igualdade no tempo normal, a vaga na terceira fase ser\u00e1 decidida nas cobran\u00e7as de p\u00eanaltis.<\/p>\n\n\n\n<p>Com a volta de Nen\u00ea, a sua principal pe\u00e7a at\u00e9 aqui, na temporada, o Fluminense deve se lan\u00e7ar ao ataque para buscar a classifica\u00e7\u00e3o diante do Belo.<\/p>\n\n\n\n<p>Com um time leve e de muitos garotos revelados em Xer\u00e9m, sede das categorias de base do tricolor, a equipe das Laranjeiras sobrou fisicamente no primeiro duelo, diante do Moto Club, quando chegou a estar perdendo por 2 a 0.<\/p>\n\n\n\n<p>O \u00fanico poss\u00edvel desfalque fica por conta do meio Paulo Henrique Ganso, que sentiu dores no joelho, no fim de semana, e nem atuou na goleada por 5 a 1 no Madureira, pelo Campeonato Carioca.<\/p>\n\n\n\n<p>O Botafogo-PB vai entrar em campo precisando equilibrar entre o pragmatismo de 2020 e a ofensividade do time dirigido por Evaristo Piza em 2019. Jogando como franco-atirador, o Belo precisa se fechar bem diante de um time de S\u00e9rie A, e ser eficiente nos momentos em que conseguir atacar.<\/p>\n\n\n\n<p>Sem Felipe, Enercino e Kelvin, o treinador pode contar com a volta do lateral M\u00e1rio, e deve entrar em campo com o mesmo time que empatou contra o Cear\u00e1, quando a equipe conseguiu mostrar o seu melhor futebol at\u00e9 aqui.<\/p>\n\n\n\n<p>Vindo de uma sequ\u00eancia sem vit\u00f3rias, apesar da invencibilidade no ano, o time pessoense vai precisar mostrar suas cartas para surpreender o Fluminense em pleno Maracan\u00e3 e, nos 90 minutos, sair de campo com a classifica\u00e7\u00e3o para a terceira fase.<\/p>\n\n\n\n<p>Comandante do time que venceu o Flamengo de Zico no palco das finais das Copas de 50 e 2014, o \u00eddolo botafoguense Magno integra a delega\u00e7\u00e3o para tentar motivar os atletas atuais a repetirem seu feito, vencendo no antigo est\u00e1dio maior do mundo.<\/p>\n\n\n\n<p><strong>Arbitragem<\/strong><\/p>\n\n\n\n<p>A arbitragem da partida \u00e9 goiana, com Jefferson Ferreira de Moraes no comando dos 90 minutos, auxiliado por Cristhian Passos Sorence e M\u00e1rcio Soares Maciel.<\/p>\n\n\n\n<p><strong>Prov\u00e1veis escala\u00e7\u00f5es<\/strong><\/p>\n\n\n\n<p><strong>Fluminense:<\/strong>&nbsp;Muriel, Gilberto, Nino, Dig\u00e3o, Eg\u00eddio; Yuri Lima, Henrique, Nen\u00ea; Marcos Paulo, Wellington Silva e Evan\u00edlson. T\u00e9cnico: Odair Hellmann.<\/p>\n\n\n\n<p><strong>Botafogo-PB<\/strong>: Samuel Pires, L\u00e9o Moura, Fred, Lu\u00eds Gustavo, M\u00e1rio; Rog\u00e9rio, Everton Heleno, Juninho, C\u00e1ssio Gabriel (Pimentinha), Rodrigo Andrade; Lohan. T\u00e9cnico: Evaristo Piza.<\/p>\n","protected":false},"excerpt":{"rendered":"<p>Um jogo hist\u00f3rico, vale na vaga na terceira fase e uma inje\u00e7\u00e3o financeira muito bem vinda para as pretens\u00f5es futuras do clube. \u00c9 em busca&hellip; <\/p>\n","protected":false},"author":2,"featured_media":156396,"comment_status":"closed","ping_status":"closed","sticky":false,"template":"","format":"standard","meta":{"sfsi_plus_gutenberg_text_before_share":"","sfsi_plus_gutenberg_show_text_before_share":"","sfsi_plus_gutenberg_icon_type":"","sfsi_plus_gutenberg_icon_alignemt":"","sfsi_plus_gutenburg_max_per_row":"","footnotes":""},"categories":[13],"tags":[],"class_list":["post-156395","post","type-post","status-publish","format-standard","has-post-thumbnail","hentry","category-esportes"],"_links":{"self":[{"href":"https:\/\/www.caririemacao.com\/1\/wp-json\/wp\/v2\/posts\/156395","targetHints":{"allow":["GET"]}}],"collection":[{"href":"https:\/\/www.caririemacao.com\/1\/wp-json\/wp\/v2\/posts"}],"about":[{"href":"https:\/\/www.caririemacao.com\/1\/wp-json\/wp\/v2\/types\/post"}],"author":[{"embeddable":true,"href":"https:\/\/www.caririemacao.com\/1\/wp-json\/wp\/v2\/users\/2"}],"replies":[{"embeddable":true,"href":"https:\/\/www.caririemacao.com\/1\/wp-json\/wp\/v2\/comments?post=156395"}],"version-history":[{"count":1,"href":"https:\/\/www.caririemacao.com\/1\/wp-json\/wp\/v2\/posts\/156395\/revisions"}],"predecessor-version":[{"id":156397,"href":"https:\/\/www.caririemacao.com\/1\/wp-json\/wp\/v2\/posts\/156395\/revisions\/156397"}],"wp:featuredmedia":[{"embeddable":true,"href":"https:\/\/www.caririemacao.com\/1\/wp-json\/wp\/v2\/media\/156396"}],"wp:attachment":[{"href":"https:\/\/www.caririemacao.com\/1\/wp-json\/wp\/v2\/media?parent=156395"}],"wp:term":[{"taxonomy":"category","embeddable":true,"href":"https:\/\/www.caririemacao.com\/1\/wp-json\/wp\/v2\/categories?post=156395"},{"taxonomy":"post_tag","embeddable":true,"href":"https:\/\/www.caririemacao.com\/1\/wp-json\/wp\/v2\/tags?post=156395"}],"curies":[{"name":"wp","href":"https:\/\/api.w.org\/{rel}","templated":true}]}}