{"id":156405,"date":"2020-03-04T14:28:52","date_gmt":"2020-03-04T17:28:52","guid":{"rendered":"http:\/\/www.caririemacao.com\/1\/?p=156405"},"modified":"2020-03-04T14:28:53","modified_gmt":"2020-03-04T17:28:53","slug":"governo-pretende-facilitar-operacao-de-cruzeiros-maritimos-em-fernando-de-noronha","status":"publish","type":"post","link":"https:\/\/www.caririemacao.com\/1\/2020\/03\/04\/governo-pretende-facilitar-operacao-de-cruzeiros-maritimos-em-fernando-de-noronha\/","title":{"rendered":"Governo pretende facilitar opera\u00e7\u00e3o de cruzeiros mar\u00edtimos em Fernando de Noronha"},"content":{"rendered":"\n<p>&nbsp;O governo do presidente Jair Bolsonaro (sem partido) est\u00e1 avaliando reabrir o arquip\u00e9lago de Fernando de Noronha \u00e0 opera\u00e7\u00e3o de cruzeiros mar\u00edtimos e \u00e0 instala\u00e7\u00e3o de recifes artificiais para a pr\u00e1tica de mergulho. A informa\u00e7\u00e3o foi confirmada pelo presidente da Embratur, Gilson Machado, e pelo senador Fl\u00e1vio Bolsonaro (sem partido-RJ) em v\u00eddeo postado em uma rede social.<br><\/p>\n\n\n\n<p>H\u00e1 sete anos, cruzeiros mar\u00edtimos n\u00e3o operam em Fernando de Noronha com regularidade. Entre as principais causas est\u00e3o restri\u00e7\u00f5es impostas por \u00f3rg\u00e3os ambientais \u00e0s operadoras que fazem o fretamento das embarca\u00e7\u00f5es.<\/p>\n\n\n\n<p>No v\u00eddeo, Fl\u00e1vio e Gilson Machado afirmam que o governo est\u00e1 trabalhando para \u201cdestravar\u201d a legisla\u00e7\u00e3o sobre a opera\u00e7\u00e3o de cruzeiros no arquip\u00e9lago.<\/p>\n\n\n\n<p>\u2014 Sobre a quest\u00e3o dos cruzeiros mar\u00edtimos, dos recifes artificiais, estamos desatando os n\u00f3s dessa legisla\u00e7\u00e3o para permitir que esse segmento seja muito melhor explorado no nosso pa\u00eds \u2014 afirmou o senador.<\/p>\n\n\n\n<p>Antes de assumir a presid\u00eancia da Embratur, Machado era empres\u00e1rio do ramo de turismo no Nordeste, conclui. No v\u00eddeo, ele diz que est\u00e3o fazendo a vistoria dos pontos dos recifes artificiais:<\/p>\n\n\n\n<p>\u2014 Noronha \u00e9 um dos lugares com a maior voca\u00e7\u00e3o do mundo para o mergulho de contempla\u00e7\u00e3o. Acabamos de aprovar junto \u00e0 Marinha mais 12 pontos novos de naufr\u00e1gio para agregar ao turismo de Noronha como tamb\u00e9m estamos destravando a volta dos cruzeiros mar\u00edtimos.<\/p>\n\n\n\n<p>A administra\u00e7\u00e3o do local \u00e9 feita pelo Instituto Chico Mendes de Conserva\u00e7\u00e3o da Biodiversidade (ICMBio) com a Ag\u00eancia Estadual de Meio Ambiente de Pernambuco.<\/p>\n\n\n\n<p>A explora\u00e7\u00e3o do turismo em Fernando de Noronha \u00e9 alvo de pol\u00eamica desde o in\u00edcio do governo do presidente Bolsonaro. Em fevereiro de 2019, o ministro de Meio Ambiente, Ricardo Salles, exonerou o ent\u00e3o chefe do Parque Nacional Marinho do arquip\u00e9lago, Felipe Mendon\u00e7a.<\/p>\n\n\n\n<p>A demiss\u00e3o aconteceu ap\u00f3s uma reuni\u00e3o entre Salles e empres\u00e1rios do turismo da regi\u00e3o. Mendon\u00e7a era um cr\u00edtico do aumento no n\u00famero de turistas no arquip\u00e9lago.<\/p>\n\n\n\n<p>Dados oficiais indicam que, em 2018, o n\u00famero de turistas no local bateu recorde, chegando a 103 mil pessoas. At\u00e9 2013, esse n\u00famero era de cerca de 60 mil por ano.<\/p>\n","protected":false},"excerpt":{"rendered":"<p>&nbsp;O governo do presidente Jair Bolsonaro (sem partido) est\u00e1 avaliando reabrir o arquip\u00e9lago de Fernando de Noronha \u00e0 opera\u00e7\u00e3o de cruzeiros mar\u00edtimos e \u00e0 instala\u00e7\u00e3o&hellip; <\/p>\n","protected":false},"author":2,"featured_media":156406,"comment_status":"closed","ping_status":"closed","sticky":false,"template":"","format":"standard","meta":{"sfsi_plus_gutenberg_text_before_share":"","sfsi_plus_gutenberg_show_text_before_share":"","sfsi_plus_gutenberg_icon_type":"","sfsi_plus_gutenberg_icon_alignemt":"","sfsi_plus_gutenburg_max_per_row":"","footnotes":""},"categories":[2],"tags":[],"class_list":["post-156405","post","type-post","status-publish","format-standard","has-post-thumbnail","hentry","category-geral"],"_links":{"self":[{"href":"https:\/\/www.caririemacao.com\/1\/wp-json\/wp\/v2\/posts\/156405","targetHints":{"allow":["GET"]}}],"collection":[{"href":"https:\/\/www.caririemacao.com\/1\/wp-json\/wp\/v2\/posts"}],"about":[{"href":"https:\/\/www.caririemacao.com\/1\/wp-json\/wp\/v2\/types\/post"}],"author":[{"embeddable":true,"href":"https:\/\/www.caririemacao.com\/1\/wp-json\/wp\/v2\/users\/2"}],"replies":[{"embeddable":true,"href":"https:\/\/www.caririemacao.com\/1\/wp-json\/wp\/v2\/comments?post=156405"}],"version-history":[{"count":1,"href":"https:\/\/www.caririemacao.com\/1\/wp-json\/wp\/v2\/posts\/156405\/revisions"}],"predecessor-version":[{"id":156407,"href":"https:\/\/www.caririemacao.com\/1\/wp-json\/wp\/v2\/posts\/156405\/revisions\/156407"}],"wp:featuredmedia":[{"embeddable":true,"href":"https:\/\/www.caririemacao.com\/1\/wp-json\/wp\/v2\/media\/156406"}],"wp:attachment":[{"href":"https:\/\/www.caririemacao.com\/1\/wp-json\/wp\/v2\/media?parent=156405"}],"wp:term":[{"taxonomy":"category","embeddable":true,"href":"https:\/\/www.caririemacao.com\/1\/wp-json\/wp\/v2\/categories?post=156405"},{"taxonomy":"post_tag","embeddable":true,"href":"https:\/\/www.caririemacao.com\/1\/wp-json\/wp\/v2\/tags?post=156405"}],"curies":[{"name":"wp","href":"https:\/\/api.w.org\/{rel}","templated":true}]}}