{"id":156412,"date":"2020-03-04T14:33:48","date_gmt":"2020-03-04T17:33:48","guid":{"rendered":"http:\/\/www.caririemacao.com\/1\/?p=156412"},"modified":"2020-03-04T14:33:49","modified_gmt":"2020-03-04T17:33:49","slug":"dupla-e-detida-suspeita-de-homicidios-na-paraiba","status":"publish","type":"post","link":"https:\/\/www.caririemacao.com\/1\/2020\/03\/04\/dupla-e-detida-suspeita-de-homicidios-na-paraiba\/","title":{"rendered":"Dupla \u00e9 detida suspeita de homic\u00eddios na Para\u00edba"},"content":{"rendered":"\n<p>Uma a\u00e7\u00e3o conjunta entre as Pol\u00edcias Militar e Civil resultou na pris\u00e3o de um homem e na apreens\u00e3o de um adolescente, suspeitos no envolvimento de um homic\u00eddio de uma mulher de 27 anos de idade, que aconteceu na cidade de Patos, no \u00faltimo dia 24 de janeiro. A dupla foi detida nessa ter\u00e7a-feira (3).<br><\/p>\n\n\n\n<p>O suspeito foi encontrado no mercado p\u00fablico da cidade, ap\u00f3s os policiais receberem informa\u00e7\u00f5es de sua localiza\u00e7\u00e3o. Na casa dele, foi encontrado um rev\u00f3lver calibre 38.&nbsp;<\/p>\n\n\n\n<p>Ainda durante as dilig\u00eancias, o adolescente tamb\u00e9m foi apontando pelo envolvimento na morte da mulher, sendo apreendido logo em seguida. Outro rev\u00f3lver calibre 38 tamb\u00e9m foi apreendido com o jovem e, segundo informa\u00e7\u00f5es preliminares, seria a arma do crime.&nbsp;<\/p>\n\n\n\n<p>Os dois foram encaminhados para a 5\u00aa Delegacia Regional da Pol\u00edcia Civil, onde a participa\u00e7\u00e3o deles no crime e a motiva\u00e7\u00e3o ser\u00e3o esclarecidas.<\/p>\n","protected":false},"excerpt":{"rendered":"<p>Uma a\u00e7\u00e3o conjunta entre as Pol\u00edcias Militar e Civil resultou na pris\u00e3o de um homem e na apreens\u00e3o de um adolescente, suspeitos no envolvimento de&hellip; <\/p>\n","protected":false},"author":2,"featured_media":156414,"comment_status":"closed","ping_status":"closed","sticky":false,"template":"","format":"standard","meta":{"sfsi_plus_gutenberg_text_before_share":"","sfsi_plus_gutenberg_show_text_before_share":"","sfsi_plus_gutenberg_icon_type":"","sfsi_plus_gutenberg_icon_alignemt":"","sfsi_plus_gutenburg_max_per_row":"","footnotes":""},"categories":[2],"tags":[],"class_list":["post-156412","post","type-post","status-publish","format-standard","has-post-thumbnail","hentry","category-geral"],"_links":{"self":[{"href":"https:\/\/www.caririemacao.com\/1\/wp-json\/wp\/v2\/posts\/156412","targetHints":{"allow":["GET"]}}],"collection":[{"href":"https:\/\/www.caririemacao.com\/1\/wp-json\/wp\/v2\/posts"}],"about":[{"href":"https:\/\/www.caririemacao.com\/1\/wp-json\/wp\/v2\/types\/post"}],"author":[{"embeddable":true,"href":"https:\/\/www.caririemacao.com\/1\/wp-json\/wp\/v2\/users\/2"}],"replies":[{"embeddable":true,"href":"https:\/\/www.caririemacao.com\/1\/wp-json\/wp\/v2\/comments?post=156412"}],"version-history":[{"count":1,"href":"https:\/\/www.caririemacao.com\/1\/wp-json\/wp\/v2\/posts\/156412\/revisions"}],"predecessor-version":[{"id":156415,"href":"https:\/\/www.caririemacao.com\/1\/wp-json\/wp\/v2\/posts\/156412\/revisions\/156415"}],"wp:featuredmedia":[{"embeddable":true,"href":"https:\/\/www.caririemacao.com\/1\/wp-json\/wp\/v2\/media\/156414"}],"wp:attachment":[{"href":"https:\/\/www.caririemacao.com\/1\/wp-json\/wp\/v2\/media?parent=156412"}],"wp:term":[{"taxonomy":"category","embeddable":true,"href":"https:\/\/www.caririemacao.com\/1\/wp-json\/wp\/v2\/categories?post=156412"},{"taxonomy":"post_tag","embeddable":true,"href":"https:\/\/www.caririemacao.com\/1\/wp-json\/wp\/v2\/tags?post=156412"}],"curies":[{"name":"wp","href":"https:\/\/api.w.org\/{rel}","templated":true}]}}