{"id":156424,"date":"2020-03-04T14:40:19","date_gmt":"2020-03-04T17:40:19","guid":{"rendered":"http:\/\/www.caririemacao.com\/1\/?p=156424"},"modified":"2020-03-04T14:41:21","modified_gmt":"2020-03-04T17:41:21","slug":"bolsonaro-nomeia-genro-de-cassio-para-superintendencia-da-sudene","status":"publish","type":"post","link":"https:\/\/www.caririemacao.com\/1\/2020\/03\/04\/bolsonaro-nomeia-genro-de-cassio-para-superintendencia-da-sudene\/","title":{"rendered":"Bolsonaro nomeia genro de C\u00e1ssio para superintend\u00eancia da Sudene"},"content":{"rendered":"\n<div class=\"wp-block-image\"><figure class=\"aligncenter\"><img decoding=\"async\" data-src=\"http:\/\/deolhonocariri.com.br\/wp-content\/uploads\/2020\/03\/jair_bolsonaro_e_cassio_cunha_lima_-_aluizio_campos.jpg\" alt=\"\" class=\"wp-image-78701 lazyload\" src=\"data:image\/svg+xml;base64,PHN2ZyB3aWR0aD0iMSIgaGVpZ2h0PSIxIiB4bWxucz0iaHR0cDovL3d3dy53My5vcmcvMjAwMC9zdmciPjwvc3ZnPg==\" \/><\/figure><\/div>\n\n\n\n<p>O presidente Jair Bolsonaro promoveu mudan\u00e7as no comando da Superintend\u00eancia do Desenvolvimento do Nordeste (Sudene). Ap\u00f3s a sa\u00edda de Douglas Cintra foi nomeado como o novo superintendente do \u00f3rg\u00e3o Edvaldo Cavalcanti da Cruz Neto, que \u00e9 genro do ex-senador paraibano C\u00e1ssio Cunha Lima (PSDB).<\/p>\n\n\n\n<p>A nomea\u00e7\u00e3o foi publicada em uma edi\u00e7\u00e3o&nbsp;extra do Di\u00e1rio Oficial da Uni\u00e3o desta ter\u00e7a-feira (03). O novo superintendente&nbsp;tamb\u00e9m \u00e9 neto do ex-prefeito de Campina Grande Evaldo Cruz.<\/p>\n\n\n\n<p>A Sudene j\u00e1 foi chefiada pelo ex-senador paraibano C\u00e1ssio Cunha Lima entre os anos de 1992 e 1994.<\/p>\n\n\n\n<div class=\"wp-block-image\"><figure class=\"aligncenter\"><img decoding=\"async\" data-src=\"http:\/\/deolhonocariri.com.br\/wp-content\/uploads\/2020\/03\/C2C32F0B-FA01-4091-9747-D65E3DF501AF.jpeg\" alt=\"\" class=\"wp-image-78700 lazyload\" src=\"data:image\/svg+xml;base64,PHN2ZyB3aWR0aD0iMSIgaGVpZ2h0PSIxIiB4bWxucz0iaHR0cDovL3d3dy53My5vcmcvMjAwMC9zdmciPjwvc3ZnPg==\" \/><\/figure><\/div>\n\n\n\n<p><em>Com Pleno Poder<\/em><\/p>\n","protected":false},"excerpt":{"rendered":"<p>O presidente Jair Bolsonaro promoveu mudan\u00e7as no comando da Superintend\u00eancia do Desenvolvimento do Nordeste (Sudene). Ap\u00f3s a sa\u00edda de Douglas Cintra foi nomeado como o&hellip; <\/p>\n","protected":false},"author":2,"featured_media":156425,"comment_status":"closed","ping_status":"closed","sticky":false,"template":"","format":"standard","meta":{"sfsi_plus_gutenberg_text_before_share":"","sfsi_plus_gutenberg_show_text_before_share":"","sfsi_plus_gutenberg_icon_type":"","sfsi_plus_gutenberg_icon_alignemt":"","sfsi_plus_gutenburg_max_per_row":"","footnotes":""},"categories":[11],"tags":[],"class_list":["post-156424","post","type-post","status-publish","format-standard","has-post-thumbnail","hentry","category-politica"],"_links":{"self":[{"href":"https:\/\/www.caririemacao.com\/1\/wp-json\/wp\/v2\/posts\/156424","targetHints":{"allow":["GET"]}}],"collection":[{"href":"https:\/\/www.caririemacao.com\/1\/wp-json\/wp\/v2\/posts"}],"about":[{"href":"https:\/\/www.caririemacao.com\/1\/wp-json\/wp\/v2\/types\/post"}],"author":[{"embeddable":true,"href":"https:\/\/www.caririemacao.com\/1\/wp-json\/wp\/v2\/users\/2"}],"replies":[{"embeddable":true,"href":"https:\/\/www.caririemacao.com\/1\/wp-json\/wp\/v2\/comments?post=156424"}],"version-history":[{"count":2,"href":"https:\/\/www.caririemacao.com\/1\/wp-json\/wp\/v2\/posts\/156424\/revisions"}],"predecessor-version":[{"id":156429,"href":"https:\/\/www.caririemacao.com\/1\/wp-json\/wp\/v2\/posts\/156424\/revisions\/156429"}],"wp:featuredmedia":[{"embeddable":true,"href":"https:\/\/www.caririemacao.com\/1\/wp-json\/wp\/v2\/media\/156425"}],"wp:attachment":[{"href":"https:\/\/www.caririemacao.com\/1\/wp-json\/wp\/v2\/media?parent=156424"}],"wp:term":[{"taxonomy":"category","embeddable":true,"href":"https:\/\/www.caririemacao.com\/1\/wp-json\/wp\/v2\/categories?post=156424"},{"taxonomy":"post_tag","embeddable":true,"href":"https:\/\/www.caririemacao.com\/1\/wp-json\/wp\/v2\/tags?post=156424"}],"curies":[{"name":"wp","href":"https:\/\/api.w.org\/{rel}","templated":true}]}}