{"id":156437,"date":"2020-03-05T07:36:16","date_gmt":"2020-03-05T10:36:16","guid":{"rendered":"http:\/\/www.caririemacao.com\/1\/?p=156437"},"modified":"2020-03-05T07:36:17","modified_gmt":"2020-03-05T10:36:17","slug":"caraubas-recebe-visita-do-secretario-executivo-da-cultura-e-e-inserida-no-roteiro-caminho-das-pedras","status":"publish","type":"post","link":"https:\/\/www.caririemacao.com\/1\/2020\/03\/05\/caraubas-recebe-visita-do-secretario-executivo-da-cultura-e-e-inserida-no-roteiro-caminho-das-pedras\/","title":{"rendered":"Cara\u00fabas recebe visita do Secret\u00e1rio Executivo da Cultura e \u00e9 inserida no roteiro Caminho das Pedras"},"content":{"rendered":"\n<p>O munic\u00edpio de Cara\u00fabas recebeu na tarde da \u00faltima ter\u00e7a-feira (3), a visita do Secret\u00e1rio Executivo da Cultura do Estado da Para\u00edba, Milton Dornellas. Para dar continuidade ao Projeto de cidade tur\u00edstica do cariri paraibano. Que ap\u00f3s o in\u00edcio do recebimento da infraestrutura necess\u00e1ria, est\u00e1 a desenvolver e receber projetos importantes na \u00e1rea cultural e tur\u00edstica. <\/p>\n\n\n\n<p><br>Ele \u00e9 respons\u00e1vel por coordenar as a\u00e7\u00f5es do Projeto Circuito Som das Pedras que este ano ter\u00e1 mais uma vers\u00e3o com nome diferente. O projeto passar\u00e1 a ser chamado de Caminho das Pedras, que tem por objetivo reunir e valorizar artistas da terra e da cultura popular em ambientes que tradicionalmente j\u00e1 encantam por belezas naturais e pelo misticismo. O lan\u00e7amento acontece no Espa\u00e7o Cultural Jos\u00e9 Lins do R\u00eago, em Jo\u00e3o Pessoa, no dia 1 de Julho de 2020.<br><\/p>\n\n\n\n<p>O Circuito Caminho das Pedras vai percorrer de agosto a novembro os munic\u00edpios de Juru, Matureia, Monteiro, Teixeira, Princesa Isabel, Congo, Cabaceiras, Serra Grande, Queimadas e Boqueir\u00e3o. O que aproxima essas cidades, al\u00e9m da forte influ\u00eancia cultural, s\u00e3o os encantos da paisagem que formam um cen\u00e1rio natural das pedras, com o som ac\u00fastico em palco aberto.<\/p>\n\n\n\n<p>Encantado com o lajedo Cara\u00fabas, localizado as margens do Rio Para\u00edba onde no passado foi constru\u00eddo uma Casa de Pedra, o circuito Caminho das Pedras, Ano Cultural Mestre Sivuca incluir\u00e1 Cara\u00fabas neste roteiro cultural. &#8220;Fiquei impressionado com este local. \u00c9 muito lindo contando com uma beleza natural perfeita, numa verdadeira sintonia meio ambiente e paisagismo. Sem falar que no m\u00eas de Outubro durante a flora\u00e7\u00e3o das Caraibeiras este espet\u00e1culo se transformar\u00e1 num dos pontos mais exuberantes e \u00fanico do circuito&#8221;, disse o secret\u00e1rio executivo da cultura do Estado da Para\u00edba.<\/p>\n\n\n\n<figure class=\"wp-block-image size-large\"><img fetchpriority=\"high\" decoding=\"async\" width=\"720\" height=\"539\" src=\"http:\/\/www.caririemacao.com\/1\/wp-content\/uploads\/2020\/03\/FB_IMG_1583402837893-1.jpg\" alt=\"\" class=\"wp-image-156483\" srcset=\"https:\/\/www.caririemacao.com\/1\/wp-content\/uploads\/2020\/03\/FB_IMG_1583402837893-1.jpg 720w, https:\/\/www.caririemacao.com\/1\/wp-content\/uploads\/2020\/03\/FB_IMG_1583402837893-1-300x225.jpg 300w\" sizes=\"(max-width: 720px) 100vw, 720px\" \/><\/figure>\n\n\n\n<p>A visita foi realizada in loco e acompanhada pela secret\u00e1ria do Turismo, Silvana Mylena, pela secret\u00e1ria da Assist\u00eancia Social, Fl\u00e1via Quirino, pelo Secret\u00e1rio do Planejamento e da Comunica\u00e7\u00e3o Institucional, jornalista Eduardo Belo e pelo adjunto da Assist\u00eancia Social, Patrick Batista. <\/p>\n\n\n\n<figure class=\"wp-block-image size-large\"><img decoding=\"async\" width=\"720\" height=\"539\" data-src=\"http:\/\/www.caririemacao.com\/1\/wp-content\/uploads\/2020\/03\/FB_IMG_1583402841814.jpg\" alt=\"\" class=\"wp-image-156482 lazyload\" data-srcset=\"https:\/\/www.caririemacao.com\/1\/wp-content\/uploads\/2020\/03\/FB_IMG_1583402841814.jpg 720w, https:\/\/www.caririemacao.com\/1\/wp-content\/uploads\/2020\/03\/FB_IMG_1583402841814-300x225.jpg 300w\" data-sizes=\"(max-width: 720px) 100vw, 720px\" src=\"data:image\/svg+xml;base64,PHN2ZyB3aWR0aD0iMSIgaGVpZ2h0PSIxIiB4bWxucz0iaHR0cDovL3d3dy53My5vcmcvMjAwMC9zdmciPjwvc3ZnPg==\" style=\"--smush-placeholder-width: 720px; --smush-placeholder-aspect-ratio: 720\/539;\" \/><\/figure>\n\n\n\n<p>O evento conta com apoio de agentes culturais e a parceria das prefeituras municipais com a corealiza\u00e7\u00e3o do Governo do Estado e as Secretarias de Estado da Cultura, Turismo e a Empresa Paraibana de Turismo (PBTur), com apoio da Empresa Paraibana de Comunica\u00e7\u00e3o &#8211; EPC, e Sebrae, al\u00e9m da iniciativa privada. O Circuito Caminho das Pedras \u00e9 um projeto que fortalece o turismo cultural na Para\u00edba onde o grande palco \u00e9 a natureza.<\/p>\n\n\n\n<p><\/p>\n\n\n\n<p>Fonte: SEPLACOM\/SECOM-PB<br> Foto: Marcos Fernandes<\/p>\n","protected":false},"excerpt":{"rendered":"<p>O munic\u00edpio de Cara\u00fabas recebeu na tarde da \u00faltima ter\u00e7a-feira (3), a visita do Secret\u00e1rio Executivo da Cultura do Estado da Para\u00edba, Milton Dornellas. Para&hellip; <\/p>\n","protected":false},"author":1,"featured_media":156481,"comment_status":"closed","ping_status":"closed","sticky":false,"template":"","format":"standard","meta":{"sfsi_plus_gutenberg_text_before_share":"","sfsi_plus_gutenberg_show_text_before_share":"","sfsi_plus_gutenberg_icon_type":"","sfsi_plus_gutenberg_icon_alignemt":"","sfsi_plus_gutenburg_max_per_row":"","footnotes":""},"categories":[6,50],"tags":[],"class_list":["post-156437","post","type-post","status-publish","format-standard","has-post-thumbnail","hentry","category-cidades","category-destaque"],"_links":{"self":[{"href":"https:\/\/www.caririemacao.com\/1\/wp-json\/wp\/v2\/posts\/156437","targetHints":{"allow":["GET"]}}],"collection":[{"href":"https:\/\/www.caririemacao.com\/1\/wp-json\/wp\/v2\/posts"}],"about":[{"href":"https:\/\/www.caririemacao.com\/1\/wp-json\/wp\/v2\/types\/post"}],"author":[{"embeddable":true,"href":"https:\/\/www.caririemacao.com\/1\/wp-json\/wp\/v2\/users\/1"}],"replies":[{"embeddable":true,"href":"https:\/\/www.caririemacao.com\/1\/wp-json\/wp\/v2\/comments?post=156437"}],"version-history":[{"count":4,"href":"https:\/\/www.caririemacao.com\/1\/wp-json\/wp\/v2\/posts\/156437\/revisions"}],"predecessor-version":[{"id":156485,"href":"https:\/\/www.caririemacao.com\/1\/wp-json\/wp\/v2\/posts\/156437\/revisions\/156485"}],"wp:featuredmedia":[{"embeddable":true,"href":"https:\/\/www.caririemacao.com\/1\/wp-json\/wp\/v2\/media\/156481"}],"wp:attachment":[{"href":"https:\/\/www.caririemacao.com\/1\/wp-json\/wp\/v2\/media?parent=156437"}],"wp:term":[{"taxonomy":"category","embeddable":true,"href":"https:\/\/www.caririemacao.com\/1\/wp-json\/wp\/v2\/categories?post=156437"},{"taxonomy":"post_tag","embeddable":true,"href":"https:\/\/www.caririemacao.com\/1\/wp-json\/wp\/v2\/tags?post=156437"}],"curies":[{"name":"wp","href":"https:\/\/api.w.org\/{rel}","templated":true}]}}