{"id":156449,"date":"2020-03-05T07:18:34","date_gmt":"2020-03-05T10:18:34","guid":{"rendered":"http:\/\/www.caririemacao.com\/1\/?p=156449"},"modified":"2020-03-05T07:18:35","modified_gmt":"2020-03-05T10:18:35","slug":"apresentador-da-band-se-filia-e-admite-estar-na-disputa-pela-prefeitura-de-sao-paulo","status":"publish","type":"post","link":"https:\/\/www.caririemacao.com\/1\/2020\/03\/05\/apresentador-da-band-se-filia-e-admite-estar-na-disputa-pela-prefeitura-de-sao-paulo\/","title":{"rendered":"Apresentador da Band se filia e admite estar na disputa pela Prefeitura de S\u00e3o Paulo"},"content":{"rendered":"\n<p> Ao se filiar ao MDB na manh\u00e3 desta quarta-feira (4), o apresentador de TV Jos\u00e9 Luiz Datena disse entender que agora era o momento certo de entrar na pol\u00edtica e deixou em aberto se ser\u00e1 candidato a prefeito ou vice-prefeito de S\u00e3o Paulo.<\/p>\n\n\n\n<p>\u201c\u00c9 prov\u00e1vel que um dos dois\u201d, disse Datena ao ser abordado por jornalistas.<\/p>\n\n\n\n<p>Indagado sobre a poss\u00edvel chapa diante da pluralidade partid\u00e1ria presente em sua filia\u00e7\u00e3o, disse apenas que a elei\u00e7\u00e3o de outubro ainda \u201cest\u00e1 longe\u201d.<\/p>\n\n\n\n<p>O ato foi acompanhado por nomes do MDB como o presidente do partido, Baleia Rossi (SP), Paulo Skaf, presidente da Fiesp, e Eduardo Gomes (TO), l\u00edder do governo Jair Bolsonaro.<\/p>\n\n\n\n<p>Tamb\u00e9m acompanharam a cerim\u00f4nia o presidente da C\u00e2mara, Rodrigo Maia (DEM-RJ), o secret\u00e1rio especial do governo de S\u00e3o Paulo, Antonio Imbassahy, que representou o governador Jo\u00e3o Doria (PSDB-SP), al\u00e9m de dos senadores Major Ol\u00edmpio (PSL-SP) e Jorge Kajuru (Cidadania), seu amigo pessoal.<\/p>\n\n\n\n<p>Na cerim\u00f4nia, Datena fez um discurso em defesa da democracia, de cr\u00edtica ao radicalismo e pediu uni\u00e3o entre os Poderes e as institui\u00e7\u00f5es.<\/p>\n\n\n\n<p>\u201cO Brasil s\u00f3 ser\u00e1 o Brasil quando o presidente [da Rep\u00fablica], o Congresso, o Supremo [Tribunal Federal], as institui\u00e7\u00f5es andarem de bra\u00e7os dados\u201d, disse Datena.<\/p>\n\n\n\n<p>O apresentador da TV Bandeirantes, que j\u00e1 passou por PT, PP, PRP e DEM disse que ingressa agora no MDB por entender que \u201ceste partido representa, acima de tudo, a base e a luta da democracia contra qualquer vento, contra qualquer sopro que ameace a democracia nacional\u201d.<\/p>\n\n\n\n<p>\u201cEscolho o partido que \u00e9 um alicerce b\u00e1sico para a democracia do Brasil. N\u00e3o existe na\u00e7\u00e3o sem democracia.\u201d<\/p>\n\n\n\n<p>Datena disse que seu discurso n\u00e3o era recado a ningu\u00e9m e afirmou por duas vezes gostar de Bolsonaro e consider\u00e1-lo \u201csujeito de bom cora\u00e7\u00e3o\u201d, mas condenou ataques ao Congresso e \u00e0 democracia.<\/p>\n\n\n\n<p>\u201cPolariza\u00e7\u00e3o? Polariza\u00e7\u00e3o esquerda, direita, centro? A palavra n\u00e3o \u00e9 esta. Esta \u00e9 uma palavra que representa \u00f3dio, quem principalmente sendo representado, este \u00f3dio, em rede social, onde tem muita gente importante, que tem opini\u00f5es importantes, mas h\u00e1 radicais que pretendem arranhar, todo dia, os princ\u00edpios democr\u00e1ticos da na\u00e7\u00e3o\u201d, afirmou.<\/p>\n\n\n\n<p>\u201cEu respeito a rede social, mas eu respeito muito mais liberdade de imprensa, respeito muito mais a liberdade que o povo brasileiro tem direito \u00e0 informa\u00e7\u00e3o. E o Congresso \u00e9 fundamental neste aspecto\u201d, disse Datena.<\/p>\n\n\n\n<p>O apresentador defendeu o Legislativo em sua fala aos aliados e disse que Bolsonaro est\u00e1 aprendendo seus limites.<\/p>\n\n\n\n<p>\u201cNosso presidente da Rep\u00fablica, que eu gosto e acho que \u00e9 um sujeito de bom cora\u00e7\u00e3o, entende, a cada dia que passa, que os limites da Presid\u00eancia da Rep\u00fablica s\u00e3o tra\u00e7ados pelo povo que o elegeu. Ele \u00e9 o grande, hoje, inquilino do Poder como todos voc\u00eas e n\u00f3s seremos inquilinos do Poder se eleitos pelo povo. Esta Casa representa nada mais nada menos que 210 milh\u00f5es de brasileiros. E se assim n\u00e3o for entendido, n\u00e3o haver\u00e1 na\u00e7\u00e3o, n\u00e3o haver\u00e1 pa\u00eds\u201d, afirmou.<\/p>\n\n\n\n<p>Ap\u00f3s o ato de filia\u00e7\u00e3o, Datena ainda gravou uma entrevista com Maia -a quem fez v\u00e1rios afagos em seu discurso- para seu programa de TV.<\/p>\n\n\n\n<p>Bolsonaro j\u00e1 havia mencionado sua vontade de ter Datena no partido que tenta criar, a Alian\u00e7a pelo Brasil.<\/p>\n\n\n\n<p>Embora conte com o apoio do presidente, o apresentador nunca abandonou conversas com outras siglas e outros postulantes \u00e0 Prefeitura de S\u00e3o Paulo, como Bruno Covas (PSDB) e M\u00e1rcio Fran\u00e7a (PSB).<\/p>\n\n\n\n<p>Datena criticou Bolsonaro, que, nesta manh\u00e3, apareceu na porta do Pal\u00e1cio da Alvorada com um humorista que ofereceu bananas aos jornalistas, que, diante do gesto, se retiraram da encena\u00e7\u00e3o.<\/p>\n\n\n\n<p>\u201cEvidente que n\u00e3o [\u00e9 comportamento de presidente da Rep\u00fablica]. Como jornalista eu repudio isso. Qualquer rea\u00e7\u00e3o contra a imprensa \u00e9 uma rea\u00e7\u00e3o contra mim, \u00e9 minha classe. Repudio isso. Postura do presidente da Rep\u00fablica tem que ser a de um presidente, ele sabe disso\u201d, afirmou o apresentador.<\/p>\n\n\n\n<p>Ao comentar as manifesta\u00e7\u00f5es de 15 de mar\u00e7o, disse que \u201cautoridade alguma deve incentivar manifesta\u00e7\u00f5es contra o Congresso\u201d.<\/p>\n\n\n\n<p>Durante o Carnaval, o presidente chegou a compartilhar com amigos e aliados um v\u00eddeo convocando para as manifesta\u00e7\u00f5es contra o Congresso e a favor de seu governo.<\/p>\n","protected":false},"excerpt":{"rendered":"<p>Ao se filiar ao MDB na manh\u00e3 desta quarta-feira (4), o apresentador de TV Jos\u00e9 Luiz Datena disse entender que agora era o momento certo&hellip; <\/p>\n","protected":false},"author":2,"featured_media":156450,"comment_status":"closed","ping_status":"closed","sticky":false,"template":"","format":"standard","meta":{"sfsi_plus_gutenberg_text_before_share":"","sfsi_plus_gutenberg_show_text_before_share":"","sfsi_plus_gutenberg_icon_type":"","sfsi_plus_gutenberg_icon_alignemt":"","sfsi_plus_gutenburg_max_per_row":"","footnotes":""},"categories":[2],"tags":[],"class_list":["post-156449","post","type-post","status-publish","format-standard","has-post-thumbnail","hentry","category-geral"],"_links":{"self":[{"href":"https:\/\/www.caririemacao.com\/1\/wp-json\/wp\/v2\/posts\/156449","targetHints":{"allow":["GET"]}}],"collection":[{"href":"https:\/\/www.caririemacao.com\/1\/wp-json\/wp\/v2\/posts"}],"about":[{"href":"https:\/\/www.caririemacao.com\/1\/wp-json\/wp\/v2\/types\/post"}],"author":[{"embeddable":true,"href":"https:\/\/www.caririemacao.com\/1\/wp-json\/wp\/v2\/users\/2"}],"replies":[{"embeddable":true,"href":"https:\/\/www.caririemacao.com\/1\/wp-json\/wp\/v2\/comments?post=156449"}],"version-history":[{"count":1,"href":"https:\/\/www.caririemacao.com\/1\/wp-json\/wp\/v2\/posts\/156449\/revisions"}],"predecessor-version":[{"id":156451,"href":"https:\/\/www.caririemacao.com\/1\/wp-json\/wp\/v2\/posts\/156449\/revisions\/156451"}],"wp:featuredmedia":[{"embeddable":true,"href":"https:\/\/www.caririemacao.com\/1\/wp-json\/wp\/v2\/media\/156450"}],"wp:attachment":[{"href":"https:\/\/www.caririemacao.com\/1\/wp-json\/wp\/v2\/media?parent=156449"}],"wp:term":[{"taxonomy":"category","embeddable":true,"href":"https:\/\/www.caririemacao.com\/1\/wp-json\/wp\/v2\/categories?post=156449"},{"taxonomy":"post_tag","embeddable":true,"href":"https:\/\/www.caririemacao.com\/1\/wp-json\/wp\/v2\/tags?post=156449"}],"curies":[{"name":"wp","href":"https:\/\/api.w.org\/{rel}","templated":true}]}}