{"id":156453,"date":"2020-03-05T07:20:02","date_gmt":"2020-03-05T10:20:02","guid":{"rendered":"http:\/\/www.caririemacao.com\/1\/?p=156453"},"modified":"2020-03-05T07:20:04","modified_gmt":"2020-03-05T10:20:04","slug":"policia-federal-prende-no-agreste-e-sertao-acusados-de-venda-de-cedulas-falsas","status":"publish","type":"post","link":"https:\/\/www.caririemacao.com\/1\/2020\/03\/05\/policia-federal-prende-no-agreste-e-sertao-acusados-de-venda-de-cedulas-falsas\/","title":{"rendered":"Pol\u00edcia Federal prende, no Agreste e Sert\u00e3o, acusados de venda de c\u00e9dulas falsas"},"content":{"rendered":"\n<p>A Pol\u00edcia Federal levou pra tr\u00e1s das grades acusados de envolvimento na venda de dinheiro falso e no tr\u00e1fico de drogas.<\/p>\n\n\n\n<p>Trinta policiais federais participaram da opera\u00e7\u00e3o desta quarta-feira, 4.<\/p>\n\n\n\n<p>Foram cumpridos cinco mandados de busca e apreens\u00e3o nas resid\u00eancias do investigados.<\/p>\n\n\n\n<p>Houve tamb\u00e9m o cumprimento de seis mandados de pris\u00e3o.<\/p>\n\n\n\n<p>Quatro pessoas foram presas em Campina Grande. Outra pessoa foi presa no munic\u00edpio de Alagoa Grande. Um mandado de pris\u00e3o tamb\u00e9m foi cumprido no pres\u00eddio PB1, em Jo\u00e3o Pessoa.<\/p>\n\n\n\n<p>Cinco presos foram encaminhados para a sede da Pol\u00edcia Federal em Campina Grande.<\/p>\n\n\n\n<p>Tamb\u00e9m foi apreendida uma quantidade de droga.<\/p>\n\n\n\n<p>Foram apreendidas ainda algumas armas.<\/p>\n\n\n\n<p>De acordo com a Pol\u00edcia Federal, as investiga\u00e7\u00f5es come\u00e7aram em abril do ano passado, quando duas pessoas foram indiciadas pelo crime de moeda falsa.<\/p>\n\n\n\n<p>Com o andar das investiga\u00e7\u00f5es, a Pol\u00edcia acabou descobrindo que a associa\u00e7\u00e3o criminosa n\u00e3o atuava s\u00f3 no com\u00e9rcio de c\u00e9dulas falsas, mas tamb\u00e9m no tr\u00e1fico de entorpecentes.<\/p>\n\n\n\n<p>A pena para esses crimes somados pode chegar a at\u00e9 15 anos de pris\u00e3o.<\/p>\n\n\n\n<p>A opera\u00e7\u00e3o recebeu o nome de \u201cFake Money\u201d, porque tudo come\u00e7ou com a investiga\u00e7\u00e3o do crime de moeda falsa.<\/p>\n\n\n\n<p>*com informa\u00e7\u00f5es da TV Para\u00edba<\/p>\n","protected":false},"excerpt":{"rendered":"<p>A Pol\u00edcia Federal levou pra tr\u00e1s das grades acusados de envolvimento na venda de dinheiro falso e no tr\u00e1fico de drogas. Trinta policiais federais participaram&hellip; <\/p>\n","protected":false},"author":2,"featured_media":156454,"comment_status":"closed","ping_status":"closed","sticky":false,"template":"","format":"standard","meta":{"sfsi_plus_gutenberg_text_before_share":"","sfsi_plus_gutenberg_show_text_before_share":"","sfsi_plus_gutenberg_icon_type":"","sfsi_plus_gutenberg_icon_alignemt":"","sfsi_plus_gutenburg_max_per_row":"","footnotes":""},"categories":[2],"tags":[],"class_list":["post-156453","post","type-post","status-publish","format-standard","has-post-thumbnail","hentry","category-geral"],"_links":{"self":[{"href":"https:\/\/www.caririemacao.com\/1\/wp-json\/wp\/v2\/posts\/156453","targetHints":{"allow":["GET"]}}],"collection":[{"href":"https:\/\/www.caririemacao.com\/1\/wp-json\/wp\/v2\/posts"}],"about":[{"href":"https:\/\/www.caririemacao.com\/1\/wp-json\/wp\/v2\/types\/post"}],"author":[{"embeddable":true,"href":"https:\/\/www.caririemacao.com\/1\/wp-json\/wp\/v2\/users\/2"}],"replies":[{"embeddable":true,"href":"https:\/\/www.caririemacao.com\/1\/wp-json\/wp\/v2\/comments?post=156453"}],"version-history":[{"count":1,"href":"https:\/\/www.caririemacao.com\/1\/wp-json\/wp\/v2\/posts\/156453\/revisions"}],"predecessor-version":[{"id":156455,"href":"https:\/\/www.caririemacao.com\/1\/wp-json\/wp\/v2\/posts\/156453\/revisions\/156455"}],"wp:featuredmedia":[{"embeddable":true,"href":"https:\/\/www.caririemacao.com\/1\/wp-json\/wp\/v2\/media\/156454"}],"wp:attachment":[{"href":"https:\/\/www.caririemacao.com\/1\/wp-json\/wp\/v2\/media?parent=156453"}],"wp:term":[{"taxonomy":"category","embeddable":true,"href":"https:\/\/www.caririemacao.com\/1\/wp-json\/wp\/v2\/categories?post=156453"},{"taxonomy":"post_tag","embeddable":true,"href":"https:\/\/www.caririemacao.com\/1\/wp-json\/wp\/v2\/tags?post=156453"}],"curies":[{"name":"wp","href":"https:\/\/api.w.org\/{rel}","templated":true}]}}