{"id":156461,"date":"2020-03-05T07:23:37","date_gmt":"2020-03-05T10:23:37","guid":{"rendered":"http:\/\/www.caririemacao.com\/1\/?p=156461"},"modified":"2020-03-05T07:23:39","modified_gmt":"2020-03-05T10:23:39","slug":"governador-entrega-veiculos-para-dar-suporte-a-acoes-da-agropecuaria","status":"publish","type":"post","link":"https:\/\/www.caririemacao.com\/1\/2020\/03\/05\/governador-entrega-veiculos-para-dar-suporte-a-acoes-da-agropecuaria\/","title":{"rendered":"Governador entrega ve\u00edculos para dar suporte a a\u00e7\u00f5es da Agropecu\u00e1ria"},"content":{"rendered":"\n<p>O governador Jo\u00e3o Azev\u00eado entregou, nesta ter\u00e7a-feira (3), no Parque de Exposi\u00e7\u00f5es Henrique Vieira de Melo, em Jo\u00e3o Pessoa, 25 ve\u00edculos para a Secretaria do Desenvolvimento da Agropecu\u00e1ria e da Pesca (Sedap).<\/p>\n\n\n\n<p>Os carros ser\u00e3o distribu\u00eddos para todas as regi\u00f5es do Estado e ir\u00e3o auxiliar nas a\u00e7\u00f5es de fiscaliza\u00e7\u00e3o, vigil\u00e2ncia em sa\u00fade animal, manuten\u00e7\u00e3o de cadastro de produtores, propriedades e rebanhos e controles de tr\u00e2nsito de animais e sanit\u00e1rios.<\/p>\n\n\n\n<p>De acordo com o governador Jo\u00e3o Azev\u00eado, a a\u00e7\u00e3o do Governo do Estado tamb\u00e9m tem o objetivo de reestruturar a Secretaria da Agropecu\u00e1ria e da Pesca e de fortalecer as a\u00e7\u00f5es para que o Estado alcance o status de \u00e1rea livre da febre aftosa sem vacina\u00e7\u00e3o.<\/p>\n\n\n\n<p>\u201cEsses ve\u00edculos dar\u00e3o o suporte para que a Para\u00edba se torne livre da aftosa e da peste su\u00edna para que a gente possa criar um livre com\u00e9rcio com todo o pa\u00eds, o que \u00e9 fundamental para o desenvolvimento da economia. A\u00e7\u00f5es como essa t\u00eam um reflexo importante para evitar a restri\u00e7\u00e3o de com\u00e9rcio e temos dado passos importantes e planejados para dotar a Secretaria da estrutura necess\u00e1ria\u201d, pontuou.<\/p>\n\n\n\n<p>O secret\u00e1rio do Desenvolvimento da Agropecu\u00e1ria e da Pesca, Efraim Morais, falou da import\u00e2ncia das a\u00e7\u00f5es que ser\u00e3o iniciadas a partir de agora para incrementar o segmento na Para\u00edba.<\/p>\n\n\n\n<p>\u201cIsso faz parte de uma reestrutura\u00e7\u00e3o da nossa Defesa Agropecu\u00e1ria. As nossas ger\u00eancias t\u00eam como principal objetivo garantir a prote\u00e7\u00e3o da sa\u00fade dos animais, a sanidade dos vegetais e a idoneidade de insumos e dos servi\u00e7os utilizados na agropecu\u00e1ria e o trabalho implementado trar\u00e1 vantagens como a conquista, at\u00e9 2021, do status de \u00e1rea livre de febre aftosa sem vacina\u00e7\u00e3o, diminuindo custos de produ\u00e7\u00e3o e colocando a Para\u00edba no patamar de outros Estados; da certifica\u00e7\u00e3o de \u00e1rea livre de peste su\u00edna cl\u00e1ssica; e tamb\u00e9m ajudar\u00e1 na intensifica\u00e7\u00e3o do combate constante do com\u00e9rcio e uso indevido de agrot\u00f3xicos e na ades\u00e3o ao Sisb e ao Selo Arte, permitindo a comercializa\u00e7\u00e3o da nossa produ\u00e7\u00e3o em todos os Estados\u201d, disse.<\/p>\n\n\n\n<p>O gerente executivo da Defesa Agropecu\u00e1ria, Rubens Tadeu, explicou como ser\u00e1 a distribui\u00e7\u00e3o dos ve\u00edculos no Estado.<\/p>\n\n\n\n<p>\u201cA Defesa Agropecu\u00e1ria tem 27 escrit\u00f3rios no interior e cinco escrit\u00f3rios regionais e os ve\u00edculos ir\u00e3o atender os munic\u00edpios mais carentes, dentro do processo de reestrutura\u00e7\u00e3o dos nossos servi\u00e7os, o que viabilizar\u00e1 o desenvolvimento dos trabalhos para atender as demandas do Minist\u00e9rio da Agricultura. Al\u00e9m de trabalhar para conquistar o selo de Estado livre da aftosa e da peste su\u00edna, vamos realizar servi\u00e7os de inspe\u00e7\u00e3o de produtos l\u00e1cteos para que a gente possa melhor atender esse setor\u201d, declarou.<\/p>\n\n\n\n<p>Os ve\u00edculos entregues foram adquiridos com recursos do Fundo de Combate e Erradica\u00e7\u00e3o da Pobreza no Estado da Para\u00edba (Funcep), garantindo uma estrutura adequada para o trabalho da Defesa Agropecu\u00e1ria e contribuindo para as a\u00e7\u00f5es desenvolvidas no Estado voltadas para o desenvolvimento social, sa\u00fade, educa\u00e7\u00e3o e renda familiar.<\/p>\n","protected":false},"excerpt":{"rendered":"<p>O governador Jo\u00e3o Azev\u00eado entregou, nesta ter\u00e7a-feira (3), no Parque de Exposi\u00e7\u00f5es Henrique Vieira de Melo, em Jo\u00e3o Pessoa, 25 ve\u00edculos para a Secretaria do&hellip; <\/p>\n","protected":false},"author":2,"featured_media":156462,"comment_status":"closed","ping_status":"closed","sticky":false,"template":"","format":"standard","meta":{"sfsi_plus_gutenberg_text_before_share":"","sfsi_plus_gutenberg_show_text_before_share":"","sfsi_plus_gutenberg_icon_type":"","sfsi_plus_gutenberg_icon_alignemt":"","sfsi_plus_gutenburg_max_per_row":"","footnotes":""},"categories":[2],"tags":[],"class_list":["post-156461","post","type-post","status-publish","format-standard","has-post-thumbnail","hentry","category-geral"],"_links":{"self":[{"href":"https:\/\/www.caririemacao.com\/1\/wp-json\/wp\/v2\/posts\/156461","targetHints":{"allow":["GET"]}}],"collection":[{"href":"https:\/\/www.caririemacao.com\/1\/wp-json\/wp\/v2\/posts"}],"about":[{"href":"https:\/\/www.caririemacao.com\/1\/wp-json\/wp\/v2\/types\/post"}],"author":[{"embeddable":true,"href":"https:\/\/www.caririemacao.com\/1\/wp-json\/wp\/v2\/users\/2"}],"replies":[{"embeddable":true,"href":"https:\/\/www.caririemacao.com\/1\/wp-json\/wp\/v2\/comments?post=156461"}],"version-history":[{"count":1,"href":"https:\/\/www.caririemacao.com\/1\/wp-json\/wp\/v2\/posts\/156461\/revisions"}],"predecessor-version":[{"id":156463,"href":"https:\/\/www.caririemacao.com\/1\/wp-json\/wp\/v2\/posts\/156461\/revisions\/156463"}],"wp:featuredmedia":[{"embeddable":true,"href":"https:\/\/www.caririemacao.com\/1\/wp-json\/wp\/v2\/media\/156462"}],"wp:attachment":[{"href":"https:\/\/www.caririemacao.com\/1\/wp-json\/wp\/v2\/media?parent=156461"}],"wp:term":[{"taxonomy":"category","embeddable":true,"href":"https:\/\/www.caririemacao.com\/1\/wp-json\/wp\/v2\/categories?post=156461"},{"taxonomy":"post_tag","embeddable":true,"href":"https:\/\/www.caririemacao.com\/1\/wp-json\/wp\/v2\/tags?post=156461"}],"curies":[{"name":"wp","href":"https:\/\/api.w.org\/{rel}","templated":true}]}}