{"id":156465,"date":"2020-03-05T07:24:54","date_gmt":"2020-03-05T10:24:54","guid":{"rendered":"http:\/\/www.caririemacao.com\/1\/?p=156465"},"modified":"2020-03-05T07:24:56","modified_gmt":"2020-03-05T10:24:56","slug":"confirmado-terceiro-caso-de-coronavirus-no-pais","status":"publish","type":"post","link":"https:\/\/www.caririemacao.com\/1\/2020\/03\/05\/confirmado-terceiro-caso-de-coronavirus-no-pais\/","title":{"rendered":"Confirmado terceiro caso de coronav\u00edrus no pa\u00eds"},"content":{"rendered":"\n<p>O Minist\u00e9rio da Sa\u00fade e as secretarias de sa\u00fade de S\u00e3o Paulo (estadual e municipal) confirmam o terceiro caso importado do novo coronav\u00edrus no Brasil.<\/p>\n\n\n\n<p>Trata-se de um homem colombiano, de 46 anos, que mora em S\u00e3o Paulo. Em fevereiro, o paciente visitou a Espanha, It\u00e1lia, \u00c1ustria e Alemanha.<\/p>\n\n\n\n<p>Tamb\u00e9m est\u00e1 em investiga\u00e7\u00e3o outro poss\u00edvel caso de coronav\u00edrus na capital paulista. Exames de contraprova est\u00e3o sendo realizados para confirmar a amostra do poss\u00edvel caso.<\/p>\n\n\n\n<p>Trata-se de uma adolescente, de 13 anos, moradora de S\u00e3o Paulo. A paciente esteve recentemente em Portugal e It\u00e1lia.<\/p>\n\n\n\n<p><strong>Casos confirmados<\/strong><\/p>\n\n\n\n<p><strong>1\u00aa Caso:<\/strong>&nbsp;Trata-se de um homem de 61 anos, morador da cidade de S\u00e3o Paulo, que esteve na regi\u00e3o da Lombardia, no norte da It\u00e1lia, entre os dias 9 e 21 de fevereiro.<\/p>\n\n\n\n<p>Ao retornar da viagem, na \u00faltima sexta-feira (21), o paciente apresentou os sinais e sintomas compat\u00edveis com a doen\u00e7a (febre, tosse seca, dor de garganta e coriza).<\/p>\n\n\n\n<p><strong>2\u00ba Caso:<\/strong>&nbsp;O paciente, um homem de 32 anos, esteve na It\u00e1lia e chegou ao Brasil na quinta-feira (27).<\/p>\n\n\n\n<p>Ele chegou acompanhado da mulher de Mil\u00e3o, na regi\u00e3o da Lombardia. Ainda no voo usou m\u00e1scara e a acompanhante n\u00e3o apresenta sintomas da doen\u00e7a. O paciente foi atendido no Hospital Israelita Albert Einstein na sexta-feira (28).<\/p>\n\n\n\n<p>Durante o atendimento, o viajante relatou febre, tosse, dor de garganta, dor muscular e dor de cabe\u00e7a. O quadro cl\u00ednico foi considerado leve e est\u00e1vel.<\/p>\n","protected":false},"excerpt":{"rendered":"<p>O Minist\u00e9rio da Sa\u00fade e as secretarias de sa\u00fade de S\u00e3o Paulo (estadual e municipal) confirmam o terceiro caso importado do novo coronav\u00edrus no Brasil.&hellip; <\/p>\n","protected":false},"author":2,"featured_media":156314,"comment_status":"closed","ping_status":"closed","sticky":false,"template":"","format":"standard","meta":{"sfsi_plus_gutenberg_text_before_share":"","sfsi_plus_gutenberg_show_text_before_share":"","sfsi_plus_gutenberg_icon_type":"","sfsi_plus_gutenberg_icon_alignemt":"","sfsi_plus_gutenburg_max_per_row":"","footnotes":""},"categories":[2],"tags":[],"class_list":["post-156465","post","type-post","status-publish","format-standard","has-post-thumbnail","hentry","category-geral"],"_links":{"self":[{"href":"https:\/\/www.caririemacao.com\/1\/wp-json\/wp\/v2\/posts\/156465","targetHints":{"allow":["GET"]}}],"collection":[{"href":"https:\/\/www.caririemacao.com\/1\/wp-json\/wp\/v2\/posts"}],"about":[{"href":"https:\/\/www.caririemacao.com\/1\/wp-json\/wp\/v2\/types\/post"}],"author":[{"embeddable":true,"href":"https:\/\/www.caririemacao.com\/1\/wp-json\/wp\/v2\/users\/2"}],"replies":[{"embeddable":true,"href":"https:\/\/www.caririemacao.com\/1\/wp-json\/wp\/v2\/comments?post=156465"}],"version-history":[{"count":1,"href":"https:\/\/www.caririemacao.com\/1\/wp-json\/wp\/v2\/posts\/156465\/revisions"}],"predecessor-version":[{"id":156466,"href":"https:\/\/www.caririemacao.com\/1\/wp-json\/wp\/v2\/posts\/156465\/revisions\/156466"}],"wp:featuredmedia":[{"embeddable":true,"href":"https:\/\/www.caririemacao.com\/1\/wp-json\/wp\/v2\/media\/156314"}],"wp:attachment":[{"href":"https:\/\/www.caririemacao.com\/1\/wp-json\/wp\/v2\/media?parent=156465"}],"wp:term":[{"taxonomy":"category","embeddable":true,"href":"https:\/\/www.caririemacao.com\/1\/wp-json\/wp\/v2\/categories?post=156465"},{"taxonomy":"post_tag","embeddable":true,"href":"https:\/\/www.caririemacao.com\/1\/wp-json\/wp\/v2\/tags?post=156465"}],"curies":[{"name":"wp","href":"https:\/\/api.w.org\/{rel}","templated":true}]}}