{"id":156470,"date":"2020-03-05T07:27:22","date_gmt":"2020-03-05T10:27:22","guid":{"rendered":"http:\/\/www.caririemacao.com\/1\/?p=156470"},"modified":"2020-03-05T07:27:24","modified_gmt":"2020-03-05T10:27:24","slug":"sikera-jr-critica-alunos-filmados-dancando-funk-do-hino-nacional-se-botar-eles-pra-cantar-o-hino-ninguem-sabe","status":"publish","type":"post","link":"https:\/\/www.caririemacao.com\/1\/2020\/03\/05\/sikera-jr-critica-alunos-filmados-dancando-funk-do-hino-nacional-se-botar-eles-pra-cantar-o-hino-ninguem-sabe\/","title":{"rendered":"Sik\u00eara Jr. critica alunos filmados dan\u00e7ando funk do hino nacional: &#8220;Se botar eles pra cantar o hino, ningu\u00e9m sabe&#8221;"},"content":{"rendered":"\n<p>O apresentador Sik\u00eara J\u00fanior comentou, na noite desta ter\u00e7a-feira (3), a apresenta\u00e7\u00e3o dos alunos de uma escola na Para\u00edba que dan\u00e7aram uma vers\u00e3o &#8220;funk&#8221; do Hino Nacional.&nbsp;<\/p>\n\n\n\n<p>&#8220;No meu tempo se cantava o hino nacional com a m\u00e3o no peito. Hoje \u00e9 no caneco deles. \u00c9 no rabo. A que ponto chegamos, hein, Brasil? Heran\u00e7a maldita dessa p\u00e1tria que se diz educadora. Que heran\u00e7a maldita&#8221;, disse Sikera Jr.&nbsp;<\/p>\n\n\n\n<figure><iframe width=\"500\" height=\"281\" data-src=\"https:\/\/www.youtube.com\/embed\/mf5hDTrudsg\" allowfullscreen=\"\" src=\"data:image\/svg+xml;base64,PHN2ZyB3aWR0aD0iMSIgaGVpZ2h0PSIxIiB4bWxucz0iaHR0cDovL3d3dy53My5vcmcvMjAwMC9zdmciPjwvc3ZnPg==\" class=\"lazyload\" data-load-mode=\"1\"><\/iframe><\/figure>\n\n\n\n<p>Sik\u00eara Jr. tamb\u00e9m apontou que o ato era um desrespeito tanto ao hino nacional quanto aos pais dos alunos.<\/p>\n\n\n\n<ul class=\"wp-block-list\"><li><strong>LEIA MAIS<\/strong>:&nbsp;<a href=\"https:\/\/www.clickpb.com.br\/paraiba\/alunos-de-pedra-lavrada-abrem-ano-escolar-dancando-hino-nacional-no-ritmo-do-passinho-279076.html\">Dan\u00e7a de alunos em vers\u00e3o funk do Hino Nacional gera pol\u00eamica e protestos na Para\u00edba<\/a><\/li><\/ul>\n\n\n\n<p>&#8220;Bando de vagabundo maconheiro&#8221;, exclama Sikera Jr.<\/p>\n\n\n\n<p>&#8220;Imagine sua filha dan\u00e7ando o hino nacional mostrando o rabo pro colega&#8221;, diz Sikera.<\/p>\n\n\n\n<p>&#8220;Isso \u00e9 uma escola! N\u00e3o \u00e9 um clube social, n\u00e3o \u00e9 uma boate, \u00e9 uma escola! \u00c9 uma escola. Deve ser um trabalho de arte&#8221;, ironizou Sikera.&nbsp;<\/p>\n\n\n\n<p>&#8220;Se botar eles pra cantar o hino nacional, ningu\u00e9m sabe&#8221;, completou.<\/p>\n\n\n\n<figure><iframe width=\"500\" height=\"281\" data-src=\"https:\/\/www.youtube.com\/embed\/HZp58mEv_Z0\" allowfullscreen=\"\" src=\"data:image\/svg+xml;base64,PHN2ZyB3aWR0aD0iMSIgaGVpZ2h0PSIxIiB4bWxucz0iaHR0cDovL3d3dy53My5vcmcvMjAwMC9zdmciPjwvc3ZnPg==\" class=\"lazyload\" data-load-mode=\"1\"><\/iframe><\/figure>\n","protected":false},"excerpt":{"rendered":"<p>O apresentador Sik\u00eara J\u00fanior comentou, na noite desta ter\u00e7a-feira (3), a apresenta\u00e7\u00e3o dos alunos de uma escola na Para\u00edba que dan\u00e7aram uma vers\u00e3o &#8220;funk&#8221; do&hellip; <\/p>\n","protected":false},"author":2,"featured_media":156471,"comment_status":"closed","ping_status":"closed","sticky":false,"template":"","format":"standard","meta":{"sfsi_plus_gutenberg_text_before_share":"","sfsi_plus_gutenberg_show_text_before_share":"","sfsi_plus_gutenberg_icon_type":"","sfsi_plus_gutenberg_icon_alignemt":"","sfsi_plus_gutenburg_max_per_row":"","footnotes":""},"categories":[2],"tags":[],"class_list":["post-156470","post","type-post","status-publish","format-standard","has-post-thumbnail","hentry","category-geral"],"_links":{"self":[{"href":"https:\/\/www.caririemacao.com\/1\/wp-json\/wp\/v2\/posts\/156470","targetHints":{"allow":["GET"]}}],"collection":[{"href":"https:\/\/www.caririemacao.com\/1\/wp-json\/wp\/v2\/posts"}],"about":[{"href":"https:\/\/www.caririemacao.com\/1\/wp-json\/wp\/v2\/types\/post"}],"author":[{"embeddable":true,"href":"https:\/\/www.caririemacao.com\/1\/wp-json\/wp\/v2\/users\/2"}],"replies":[{"embeddable":true,"href":"https:\/\/www.caririemacao.com\/1\/wp-json\/wp\/v2\/comments?post=156470"}],"version-history":[{"count":1,"href":"https:\/\/www.caririemacao.com\/1\/wp-json\/wp\/v2\/posts\/156470\/revisions"}],"predecessor-version":[{"id":156472,"href":"https:\/\/www.caririemacao.com\/1\/wp-json\/wp\/v2\/posts\/156470\/revisions\/156472"}],"wp:featuredmedia":[{"embeddable":true,"href":"https:\/\/www.caririemacao.com\/1\/wp-json\/wp\/v2\/media\/156471"}],"wp:attachment":[{"href":"https:\/\/www.caririemacao.com\/1\/wp-json\/wp\/v2\/media?parent=156470"}],"wp:term":[{"taxonomy":"category","embeddable":true,"href":"https:\/\/www.caririemacao.com\/1\/wp-json\/wp\/v2\/categories?post=156470"},{"taxonomy":"post_tag","embeddable":true,"href":"https:\/\/www.caririemacao.com\/1\/wp-json\/wp\/v2\/tags?post=156470"}],"curies":[{"name":"wp","href":"https:\/\/api.w.org\/{rel}","templated":true}]}}