{"id":156476,"date":"2020-03-05T07:30:53","date_gmt":"2020-03-05T10:30:53","guid":{"rendered":"http:\/\/www.caririemacao.com\/1\/?p=156476"},"modified":"2020-03-05T07:30:56","modified_gmt":"2020-03-05T10:30:56","slug":"brasil-tem-terceira-morte-por-sarampo-confirmada-em-2020","status":"publish","type":"post","link":"https:\/\/www.caririemacao.com\/1\/2020\/03\/05\/brasil-tem-terceira-morte-por-sarampo-confirmada-em-2020\/","title":{"rendered":"Brasil tem terceira morte por sarampo confirmada em 2020"},"content":{"rendered":"\n<p>O Brasil registrou na \u00faltima ter\u00e7a-feira a terceira morte por sarampo no pa\u00eds em 2020. A informa\u00e7\u00e3o \u00e9 do portal G1, que cita a Ag\u00eancia Estadual de Vigil\u00e2ncia em Sa\u00fade (Agevisa) de Rond\u00f4nia. Uma beb\u00ea de 5 meses contraiu o v\u00edrus e n\u00e3o resistiu \u00e0 doen\u00e7a. A morte ocorreu no munic\u00edpio de Cacoal, a cerca de 500 quil\u00f4metros da capital Porto Velho.<\/p>\n\n\n\n<p>Segundo o portal, a crian\u00e7a tinha uma irm\u00e3 g\u00eamea que tamb\u00e9m contraiu o sarampo, que se manifestou de forma mais leve. A fam\u00edlia tentou atendimento em um hospital em Vilhena, onde vive, mas n\u00e3o encontrou vaga na Unidade de Terapia Intensiva (UTI) do munic\u00edpio e precisou se deslocar at\u00e9 Cacoal. A menina foi velada e sepultada em Vilhena ainda na ter\u00e7a-feira.<\/p>\n\n\n\n<p>Ainda segundo o G1, a Agevisa n\u00e3o divulgou o n\u00famero de casos de sarampo confirmados em Rond\u00f4nia, nem se houve registro de outros \u00f3bitos no estado.<\/p>\n\n\n\n<p>As outras duas mortes por sarampo no pa\u00eds tamb\u00e9m envolveram crian\u00e7as. A primeira, no Rio, foi a primeira v\u00edtima fatal da doen\u00e7a no estado em duas d\u00e9cadas. David Gabriel dos Santos, de oito meses, contraiu a doen\u00e7a em um abrigo na cidade de Nova Igua\u00e7u, na Baixada Fluminense.<\/p>\n\n\n\n<p>A crian\u00e7a deu entrada no Hospital Geral de Nova Igua\u00e7u no dia 22 de dezembro, com quadro de pneumonia, e morreu no dia 6 de janeiro. David s\u00f3 teve o diagn\u00f3stico confirmado ap\u00f3s a sua morte, no Hospital Geral de Nova Igua\u00e7u.<\/p>\n\n\n\n<p>No abrigo \u2014 uma institui\u00e7\u00e3o de acolhimento para crian\u00e7as de zero a 12 anos v\u00edtimas de neglig\u00eancia, abandono ou viol\u00eancia \u2014, outras duas crian\u00e7as e uma cuidadora foram infectados e contra\u00edram a doen\u00e7a.<\/p>\n\n\n\n<p>Quinze dias depois, a secretaria estadual de Sa\u00fade de S\u00e3o Paulo confirmou a primeira morte no estado neste ano \u2014 e a segunda do pa\u00eds. Uma crian\u00e7a que n\u00e3o teve sua idade revelada morreu devido a complica\u00e7\u00f5es da doen\u00e7a. A prefeitura de S\u00e3o Paulo, no entanto, informou que o \u00f3bito ocorreu em 2019 e a confirma\u00e7\u00e3o laboratorial do sarampo como a causa da morte foi registrada na \u00faltima semana.<\/p>\n","protected":false},"excerpt":{"rendered":"<p>O Brasil registrou na \u00faltima ter\u00e7a-feira a terceira morte por sarampo no pa\u00eds em 2020. A informa\u00e7\u00e3o \u00e9 do portal G1, que cita a Ag\u00eancia&hellip; <\/p>\n","protected":false},"author":2,"featured_media":156477,"comment_status":"closed","ping_status":"closed","sticky":false,"template":"","format":"standard","meta":{"sfsi_plus_gutenberg_text_before_share":"","sfsi_plus_gutenberg_show_text_before_share":"","sfsi_plus_gutenberg_icon_type":"","sfsi_plus_gutenberg_icon_alignemt":"","sfsi_plus_gutenburg_max_per_row":"","footnotes":""},"categories":[16],"tags":[],"class_list":["post-156476","post","type-post","status-publish","format-standard","has-post-thumbnail","hentry","category-saude"],"_links":{"self":[{"href":"https:\/\/www.caririemacao.com\/1\/wp-json\/wp\/v2\/posts\/156476","targetHints":{"allow":["GET"]}}],"collection":[{"href":"https:\/\/www.caririemacao.com\/1\/wp-json\/wp\/v2\/posts"}],"about":[{"href":"https:\/\/www.caririemacao.com\/1\/wp-json\/wp\/v2\/types\/post"}],"author":[{"embeddable":true,"href":"https:\/\/www.caririemacao.com\/1\/wp-json\/wp\/v2\/users\/2"}],"replies":[{"embeddable":true,"href":"https:\/\/www.caririemacao.com\/1\/wp-json\/wp\/v2\/comments?post=156476"}],"version-history":[{"count":1,"href":"https:\/\/www.caririemacao.com\/1\/wp-json\/wp\/v2\/posts\/156476\/revisions"}],"predecessor-version":[{"id":156478,"href":"https:\/\/www.caririemacao.com\/1\/wp-json\/wp\/v2\/posts\/156476\/revisions\/156478"}],"wp:featuredmedia":[{"embeddable":true,"href":"https:\/\/www.caririemacao.com\/1\/wp-json\/wp\/v2\/media\/156477"}],"wp:attachment":[{"href":"https:\/\/www.caririemacao.com\/1\/wp-json\/wp\/v2\/media?parent=156476"}],"wp:term":[{"taxonomy":"category","embeddable":true,"href":"https:\/\/www.caririemacao.com\/1\/wp-json\/wp\/v2\/categories?post=156476"},{"taxonomy":"post_tag","embeddable":true,"href":"https:\/\/www.caririemacao.com\/1\/wp-json\/wp\/v2\/tags?post=156476"}],"curies":[{"name":"wp","href":"https:\/\/api.w.org\/{rel}","templated":true}]}}