{"id":156479,"date":"2020-03-05T07:39:07","date_gmt":"2020-03-05T10:39:07","guid":{"rendered":"http:\/\/www.caririemacao.com\/1\/?p=156479"},"modified":"2020-03-05T07:39:09","modified_gmt":"2020-03-05T10:39:09","slug":"bebe-de-1-ano-morre-com-suspeita-de-infeccao-pelo-virus-h1n1-no-sertao-da-paraiba","status":"publish","type":"post","link":"https:\/\/www.caririemacao.com\/1\/2020\/03\/05\/bebe-de-1-ano-morre-com-suspeita-de-infeccao-pelo-virus-h1n1-no-sertao-da-paraiba\/","title":{"rendered":"Beb\u00ea de 1 ano morre com suspeita de infec\u00e7\u00e3o pelo v\u00edrus H1N1 no Sert\u00e3o da Para\u00edba"},"content":{"rendered":"\n<p>Um beb\u00ea morreu com suspeita de gripe causada pelo v\u00edrus H1N1, em Cajazeiras, no Sert\u00e3o da Para\u00edba. Ele foi internado&nbsp;no Hospital Universit\u00e1rio J\u00falio Bandeira na noite dessa ter\u00e7a-feira (3) e veio a \u00f3bito na madrugada desta quarta-feira (4).<\/p>\n\n\n\n<p>As primeiras informa\u00e7\u00f5es s\u00e3o de que a crian\u00e7a de um ano de idade teve paradas cardiorrespitar\u00f3rias.<\/p>\n\n\n\n<p>A causa da morte do beb\u00ea est\u00e1 em investiga\u00e7\u00e3o e amostras foram enviadas ao Laborat\u00f3rio Central de Sa\u00fade P\u00fablica da Para\u00edba (LACEN\/PB) para que seja verificado se, de fato, ele foi infectado pelo v\u00edrus H1N1.<\/p>\n","protected":false},"excerpt":{"rendered":"<p>Um beb\u00ea morreu com suspeita de gripe causada pelo v\u00edrus H1N1, em Cajazeiras, no Sert\u00e3o da Para\u00edba. Ele foi internado&nbsp;no Hospital Universit\u00e1rio J\u00falio Bandeira na&hellip; <\/p>\n","protected":false},"author":2,"featured_media":156486,"comment_status":"closed","ping_status":"closed","sticky":false,"template":"","format":"standard","meta":{"sfsi_plus_gutenberg_text_before_share":"","sfsi_plus_gutenberg_show_text_before_share":"","sfsi_plus_gutenberg_icon_type":"","sfsi_plus_gutenberg_icon_alignemt":"","sfsi_plus_gutenburg_max_per_row":"","footnotes":""},"categories":[16],"tags":[],"class_list":["post-156479","post","type-post","status-publish","format-standard","has-post-thumbnail","hentry","category-saude"],"_links":{"self":[{"href":"https:\/\/www.caririemacao.com\/1\/wp-json\/wp\/v2\/posts\/156479","targetHints":{"allow":["GET"]}}],"collection":[{"href":"https:\/\/www.caririemacao.com\/1\/wp-json\/wp\/v2\/posts"}],"about":[{"href":"https:\/\/www.caririemacao.com\/1\/wp-json\/wp\/v2\/types\/post"}],"author":[{"embeddable":true,"href":"https:\/\/www.caririemacao.com\/1\/wp-json\/wp\/v2\/users\/2"}],"replies":[{"embeddable":true,"href":"https:\/\/www.caririemacao.com\/1\/wp-json\/wp\/v2\/comments?post=156479"}],"version-history":[{"count":1,"href":"https:\/\/www.caririemacao.com\/1\/wp-json\/wp\/v2\/posts\/156479\/revisions"}],"predecessor-version":[{"id":156487,"href":"https:\/\/www.caririemacao.com\/1\/wp-json\/wp\/v2\/posts\/156479\/revisions\/156487"}],"wp:featuredmedia":[{"embeddable":true,"href":"https:\/\/www.caririemacao.com\/1\/wp-json\/wp\/v2\/media\/156486"}],"wp:attachment":[{"href":"https:\/\/www.caririemacao.com\/1\/wp-json\/wp\/v2\/media?parent=156479"}],"wp:term":[{"taxonomy":"category","embeddable":true,"href":"https:\/\/www.caririemacao.com\/1\/wp-json\/wp\/v2\/categories?post=156479"},{"taxonomy":"post_tag","embeddable":true,"href":"https:\/\/www.caririemacao.com\/1\/wp-json\/wp\/v2\/tags?post=156479"}],"curies":[{"name":"wp","href":"https:\/\/api.w.org\/{rel}","templated":true}]}}