{"id":156489,"date":"2020-03-05T07:40:32","date_gmt":"2020-03-05T10:40:32","guid":{"rendered":"http:\/\/www.caririemacao.com\/1\/?p=156489"},"modified":"2020-03-05T07:40:34","modified_gmt":"2020-03-05T10:40:34","slug":"a-economia-leva-tempo-para-reagir-diz-michel-temer-sobre-pib","status":"publish","type":"post","link":"https:\/\/www.caririemacao.com\/1\/2020\/03\/05\/a-economia-leva-tempo-para-reagir-diz-michel-temer-sobre-pib\/","title":{"rendered":"\u201cA economia leva tempo para reagir\u201d, diz Michel Temer sobre PIB"},"content":{"rendered":"\n<p>O ex-presidente Michel Temer atribuiu o crescimento de 1,1% do PIB em 2019 ao cont\u00ednuo rearranjo das contas p\u00fablicas, algo iniciado ainda sob sua gest\u00e3o, e ao avan\u00e7o nas discuss\u00f5es de reformas estruturantes.&nbsp;<\/p>\n\n\n\n<p>Em entrevista \u00e0 Veja, o ex-presidente disse que economia leva tempo para reagir.<\/p>\n\n\n\n<p>\u201cA economia leva tempo para reagir, as coisas acontecem aos poucos. No ano de 2018, o n\u00famero de empregos com carteira assinada subiu em mais de 500 mil vagas. \u00c9 a prova de que a reforma trabalhista deu certo, mas na economia, os resultados demoram a aparecer\u201d, afirma.<\/p>\n\n\n\n<p><strong>LEIA MAIS<\/strong>:&nbsp;<a href=\"https:\/\/www.clickpb.com.br\/economia\/pib-do-brasil-cresce-11-em-2019-menor-avanco-em-3-anos-279139.html\">PIB do Brasil cresce 1,1% em 2019, menor avan\u00e7o em 3 anos<\/a><\/p>\n\n\n\n<p>Os resultados do primeiro ano de mandato do presidente Jair Bolsonaro foram piores do que o primeiro ano completo de gest\u00e3o do emedebista, em 2017, quando o pa\u00eds registrou um crescimento de 1,3% e igual ao apontado sob o segundo ano de governo de Temer, quando o pa\u00eds tamb\u00e9m cresceu 1,1%.<\/p>\n\n\n\n<p>Para Temer, o avan\u00e7o das reformas administrativa e tribut\u00e1ria \u2014 que est\u00e3o em xeque \u2014 s\u00e3o essenciais para o pa\u00eds conquistar dados robustos de avan\u00e7o econ\u00f4mico.<\/p>\n\n\n\n<p>\u201cPara dizer o \u00f3bvio, acho que as reformas s\u00e3o important\u00edssimas. A reforma administrativa toca na resist\u00eancia corporativa, \u00e9 uma pauta dif\u00edcil de ser aprovada\u201d, afirma o ex-presidente.&nbsp;<\/p>\n\n\n\n<p>Deputado por mais de 20 anos \u2014 ele assumiu a cadeira de presidente da Casa por duas vezes \u2014, Michel Temer elenca as dificuldades de se encampar a proposta, fruto de press\u00f5es do funcionalismo.&nbsp;<\/p>\n\n\n\n<p>\u201cAs dificuldades desta mat\u00e9ria s\u00e3o similares \u00e0s que encontrei durante a tramita\u00e7\u00e3o da reforma da Previd\u00eancia\u201d, afirma ele. \u201cTive que enfrentar um ano e meio de negocia\u00e7\u00f5es no Congresso Nacional para convenc\u00ea-lo e o presidente Jair Bolsonaro conseguiu aprovar. Ele, ressalte-se, sempre foi muito justo comigo, dando cr\u00e9ditos \u00e0 articula\u00e7\u00e3o que fizemos\u201d, discorre o ex-presidente.<\/p>\n\n\n\n<p>Com a agenda econ\u00f4mica e pol\u00edtica arruinada pela revela\u00e7\u00e3o de conversas com o empres\u00e1rio Joesley Batista, da JBS, em maio de 2017, o avan\u00e7o das reformas \u2014 inclusive a previdenci\u00e1ria \u2014 subiu no telhado. Michel Temer, por\u00e9m, afirma que trabalhava, junto a seu ministro da Fazenda, Henrique Meirelles, em propostas para mudar o sistema tribut\u00e1rio brasileiro, projeto que, segundo ele, seria apresentado depois da aprova\u00e7\u00e3o da reforma previdenci\u00e1ria. \u201cN\u00e3o chamo de reforma tribut\u00e1ria, mas simplifica\u00e7\u00e3o tribut\u00e1ria. \u00c9 um projeto important\u00edssimo para o pa\u00eds, e \u00edamos trabalhar nisso ap\u00f3s a aprova\u00e7\u00e3o da reforma da Previd\u00eancia\u201d, diz ele. \u201cO sistema de impostos \u00e9 muito complexo, e precisamos de uma simplifica\u00e7\u00e3o para atrair investimentos\u201d, encerra.<\/p>\n","protected":false},"excerpt":{"rendered":"<p>O ex-presidente Michel Temer atribuiu o crescimento de 1,1% do PIB em 2019 ao cont\u00ednuo rearranjo das contas p\u00fablicas, algo iniciado ainda sob sua gest\u00e3o,&hellip; <\/p>\n","protected":false},"author":2,"featured_media":156490,"comment_status":"closed","ping_status":"closed","sticky":false,"template":"","format":"standard","meta":{"sfsi_plus_gutenberg_text_before_share":"","sfsi_plus_gutenberg_show_text_before_share":"","sfsi_plus_gutenberg_icon_type":"","sfsi_plus_gutenberg_icon_alignemt":"","sfsi_plus_gutenburg_max_per_row":"","footnotes":""},"categories":[2],"tags":[],"class_list":["post-156489","post","type-post","status-publish","format-standard","has-post-thumbnail","hentry","category-geral"],"_links":{"self":[{"href":"https:\/\/www.caririemacao.com\/1\/wp-json\/wp\/v2\/posts\/156489","targetHints":{"allow":["GET"]}}],"collection":[{"href":"https:\/\/www.caririemacao.com\/1\/wp-json\/wp\/v2\/posts"}],"about":[{"href":"https:\/\/www.caririemacao.com\/1\/wp-json\/wp\/v2\/types\/post"}],"author":[{"embeddable":true,"href":"https:\/\/www.caririemacao.com\/1\/wp-json\/wp\/v2\/users\/2"}],"replies":[{"embeddable":true,"href":"https:\/\/www.caririemacao.com\/1\/wp-json\/wp\/v2\/comments?post=156489"}],"version-history":[{"count":1,"href":"https:\/\/www.caririemacao.com\/1\/wp-json\/wp\/v2\/posts\/156489\/revisions"}],"predecessor-version":[{"id":156491,"href":"https:\/\/www.caririemacao.com\/1\/wp-json\/wp\/v2\/posts\/156489\/revisions\/156491"}],"wp:featuredmedia":[{"embeddable":true,"href":"https:\/\/www.caririemacao.com\/1\/wp-json\/wp\/v2\/media\/156490"}],"wp:attachment":[{"href":"https:\/\/www.caririemacao.com\/1\/wp-json\/wp\/v2\/media?parent=156489"}],"wp:term":[{"taxonomy":"category","embeddable":true,"href":"https:\/\/www.caririemacao.com\/1\/wp-json\/wp\/v2\/categories?post=156489"},{"taxonomy":"post_tag","embeddable":true,"href":"https:\/\/www.caririemacao.com\/1\/wp-json\/wp\/v2\/tags?post=156489"}],"curies":[{"name":"wp","href":"https:\/\/api.w.org\/{rel}","templated":true}]}}