{"id":156505,"date":"2020-03-05T08:21:49","date_gmt":"2020-03-05T11:21:49","guid":{"rendered":"http:\/\/www.caririemacao.com\/1\/?p=156505"},"modified":"2020-03-05T08:21:51","modified_gmt":"2020-03-05T11:21:51","slug":"dia-d-do-esporte-inclusivo-e-seguro-e-realizado-pela-prefeitura-de-sao-sebastiao-do-umbuzeiro","status":"publish","type":"post","link":"https:\/\/www.caririemacao.com\/1\/2020\/03\/05\/dia-d-do-esporte-inclusivo-e-seguro-e-realizado-pela-prefeitura-de-sao-sebastiao-do-umbuzeiro\/","title":{"rendered":"Dia \u201cD\u201d do Esporte Inclusivo e Seguro \u00e9 realizado pela Prefeitura de S\u00e3o Sebasti\u00e3o do Umbuzeiro"},"content":{"rendered":"\n<p>A Prefeitura de S\u00e3o Sebasti\u00e3o do Umbuzeiro realizou nesta segunda-feira (02), atrav\u00e9s do NUCA, em parceria com o CMDCA, o Dia \u201cD\u201d do Esporte Seguro e Inclusivo nas Escolas.<\/p>\n\n\n\n<figure class=\"wp-block-image size-large\"><img decoding=\"async\" src=\"blob:http:\/\/www.caririemacao.com\/8d6584e1-482d-4cb7-ae1a-7dadb69b3013\" alt=\"\"\/><\/figure>\n\n\n\n<p>O evento ocorreu no Gin\u00e1sio Poliesportivo Met\u00f3dio Pereira Neves, com a participa\u00e7\u00e3o dos alunos da Rede Municipal de Ensino. Todos os alunos das escolas municipais foram contemplados com as atividades esportivas.<\/p>\n\n\n\n<p>Durante o evento foi oferecido um caf\u00e9 da manh\u00e3 saud\u00e1vel com a Nutricionista Alessandria Reinaldo Bezerra, onde a profissional proferiu uma Palestra sobre Preven\u00e7\u00e3o a Obesidade.<\/p>\n\n\n\n<p>Essa \u00e9 uma a\u00e7\u00e3o do Pr\u00f3-Selo UNICEF, que foi coordenada pelos integrantes do NUCA de Castelo do Piau\u00ed, com o objetivo de proporcionar uma dia produtivo de atividades educativas e de inclus\u00e3o esportiva.<\/p>\n\n\n\n<p>O prefeito Adriano Wolff, destacou o trabalho da gest\u00e3o municipal para garantir a realiza\u00e7\u00e3o do evento. \u201cO evento proporcionou, simultaneamente, v\u00e1rias a\u00e7\u00f5es esportivas. Desta forma, trazemos os alunos para praticar v\u00e1rias modalidades de esportes de forma segura e inclusiva\u201d, enfatizou o prefeito.<\/p>\n\n\n\n<p><\/p>\n\n\n\n<p>Informa\u00e7\u00f5es: Blog do Didi<\/p>\n","protected":false},"excerpt":{"rendered":"<p>A Prefeitura de S\u00e3o Sebasti\u00e3o do Umbuzeiro realizou nesta segunda-feira (02), atrav\u00e9s do NUCA, em parceria com o CMDCA, o Dia \u201cD\u201d do Esporte Seguro&hellip; <\/p>\n","protected":false},"author":1,"featured_media":156528,"comment_status":"closed","ping_status":"closed","sticky":false,"template":"","format":"standard","meta":{"sfsi_plus_gutenberg_text_before_share":"","sfsi_plus_gutenberg_show_text_before_share":"","sfsi_plus_gutenberg_icon_type":"","sfsi_plus_gutenberg_icon_alignemt":"","sfsi_plus_gutenburg_max_per_row":"","footnotes":""},"categories":[6,50],"tags":[],"class_list":["post-156505","post","type-post","status-publish","format-standard","has-post-thumbnail","hentry","category-cidades","category-destaque"],"_links":{"self":[{"href":"https:\/\/www.caririemacao.com\/1\/wp-json\/wp\/v2\/posts\/156505","targetHints":{"allow":["GET"]}}],"collection":[{"href":"https:\/\/www.caririemacao.com\/1\/wp-json\/wp\/v2\/posts"}],"about":[{"href":"https:\/\/www.caririemacao.com\/1\/wp-json\/wp\/v2\/types\/post"}],"author":[{"embeddable":true,"href":"https:\/\/www.caririemacao.com\/1\/wp-json\/wp\/v2\/users\/1"}],"replies":[{"embeddable":true,"href":"https:\/\/www.caririemacao.com\/1\/wp-json\/wp\/v2\/comments?post=156505"}],"version-history":[{"count":3,"href":"https:\/\/www.caririemacao.com\/1\/wp-json\/wp\/v2\/posts\/156505\/revisions"}],"predecessor-version":[{"id":156532,"href":"https:\/\/www.caririemacao.com\/1\/wp-json\/wp\/v2\/posts\/156505\/revisions\/156532"}],"wp:featuredmedia":[{"embeddable":true,"href":"https:\/\/www.caririemacao.com\/1\/wp-json\/wp\/v2\/media\/156528"}],"wp:attachment":[{"href":"https:\/\/www.caririemacao.com\/1\/wp-json\/wp\/v2\/media?parent=156505"}],"wp:term":[{"taxonomy":"category","embeddable":true,"href":"https:\/\/www.caririemacao.com\/1\/wp-json\/wp\/v2\/categories?post=156505"},{"taxonomy":"post_tag","embeddable":true,"href":"https:\/\/www.caririemacao.com\/1\/wp-json\/wp\/v2\/tags?post=156505"}],"curies":[{"name":"wp","href":"https:\/\/api.w.org\/{rel}","templated":true}]}}