{"id":156510,"date":"2020-03-05T07:57:44","date_gmt":"2020-03-05T10:57:44","guid":{"rendered":"http:\/\/www.caririemacao.com\/1\/?p=156510"},"modified":"2020-03-05T07:57:46","modified_gmt":"2020-03-05T10:57:46","slug":"tivemos-o-melhor-semestre-desde-2013-diz-bolsonaro-sobre-o-pib","status":"publish","type":"post","link":"https:\/\/www.caririemacao.com\/1\/2020\/03\/05\/tivemos-o-melhor-semestre-desde-2013-diz-bolsonaro-sobre-o-pib\/","title":{"rendered":"&#8220;Tivemos o melhor semestre desde 2013&#8221;, diz Bolsonaro sobre o PIB"},"content":{"rendered":"\n<p>O presidente Jair Bolsonaro comentou nesta quarta-feira (4) o resultado do Produto Interno Bruto (PIB) de 2019, que&nbsp;<a href=\"https:\/\/agenciabrasil.ebc.com.br\/economia\/noticia\/2020-03\/pib-fecha-2019-com-crescimento-de-11-em-relacao-2018\" target=\"_blank\" rel=\"noreferrer noopener\">cresceu 1,1% em rela\u00e7\u00e3o ao ano anterior<\/a>, de acordo com o Instituto Brasileiro de Geografia e Estat\u00edstica (IBGE). O PIB \u00e9 a soma de todos os bens e servi\u00e7os produzidos no pa\u00eds ao longo do ano e \u00e9 usado para mostrar o desempenho da economia. Segundo o presidente, apesar do resultado ter ficado abaixo dos dois \u00faltimos anos do governo de Michel Temer (2017 e 2018), o segundo semestre do ano passado foi o melhor em seis anos. &nbsp;<\/p>\n\n\n\n<p>&#8220;Em 2015 e 2016 foi negativo, n\u00e3o foi isso? Baixou um pouco em rela\u00e7\u00e3o ao Temer, mas n\u00f3s estamos com o melhor semestre desde 2013, se n\u00e3o me engano&#8221;, Bolsonaro afirmou a jornalistas ao chegar no Pal\u00e1cio do Alvorada. \u00c9 o terceiro ano seguido de crescimento da economia brasileira, que registrou quedas consecutivas em 2015 e 2016, acumulando uma retra\u00e7\u00e3o somada de 7,4% nos dois anos. Em 2017 e 2018, houve crescimento de 1,3% em cada ano.<\/p>\n\n\n\n<p>Perguntado sobre a frustra\u00e7\u00e3o de expectativas, j\u00e1 que as previs\u00f5es do governo federal, no in\u00edcio do ano passado, era de crescimento de 2,2%, Bolsonaro disse que \u00e9 preciso reduzir as proje\u00e7\u00f5es. &#8220;\u00c9 o que eu sempre falo, bota a expectativa mais baixa poss\u00edvel, para evitar esse tipo de pergunta&#8221;, disse. Ainda segundo o presidente, 2020 ser\u00e1 um ano melhor para a economia, apesar dos impactos da epidemia mundial do coronav\u00edrus.<\/p>\n\n\n\n<p>Mais cedo, ap\u00f3s cerim\u00f4nia no Pal\u00e1cio do Planalto, o ministro da Economia, Paulo Guedes, tamb\u00e9m ressaltou o desempenho da economia brasileira no final do ano passado, que aponta um processo de acelera\u00e7\u00e3o. De acordo com ele, se as reformas econ\u00f4micas avan\u00e7arem, o PIB poder\u00e1&nbsp;<a href=\"https:\/\/agenciabrasil.ebc.com.br\/economia\/noticia\/2020-03\/economia-crescera-mais-de-2-se-reformas-forem-aprovadas-diz-guedes\" target=\"_blank\" rel=\"noreferrer noopener\">crescer acima de 2% este ano<\/a>.<\/p>\n\n\n\n<p>&#8220;Se voc\u00ea pegar o quarto trimestre do ano passado sobre o quarto trimestre de 2018, [cresceu] 1,70%, quase chegando em 2%. A economia brasileira est\u00e1 claramente reacelerando. Se n\u00f3s mantivermos as reformas, ela vai crescer 2%, um pouco at\u00e9 acima. N\u00f3s esper\u00e1vamos 1%, veio 1,1%. As reformas continuam, n\u00f3s achamos que vamos passar de 2%&#8221;, afirmou.&nbsp;<\/p>\n\n\n\n<h2 class=\"wp-block-heading\">Agenda Mais Brasil<\/h2>\n\n\n\n<p>Em solenidade no Pal\u00e1cio do Planalto, o presidente Jair Bolsonaro participou do lan\u00e7amento&nbsp;<a href=\"http:\/\/www.gov.br\/agendamaisbrasil\" target=\"_blank\" rel=\"noreferrer noopener\">Agenda Mais Brasil<\/a>, um&nbsp;<em>site&nbsp;<\/em>que para acompanhamento em detalhes da evolu\u00e7\u00e3o de obras, programas e projetos do governo federal. A plataforma ser\u00e1 alimentada com informa\u00e7\u00f5es sobre as a\u00e7\u00f5es do governo em diversas \u00e1reas. De acordo com o ministro-chefe da Casa Civil, Braga Netto, o cidad\u00e3o poder\u00e1 acompanhar os dados da plataforma por meio de redes sociais e dispositivos m\u00f3veis.&nbsp;<\/p>\n\n\n\n<p>&#8220;Essa ferramenta utiliza a internet e as redes sociais como meio moderno de prestar contas \u00e0 sociedade. Inicialmente, as informa\u00e7\u00f5es apresentadas na plataforma s\u00e3o frutos das a\u00e7\u00f5es de programas e projetos governamentais que se encontram em andamento. Neste novo canal, o cidad\u00e3o ter\u00e1 acesso, de forma direta, \u00e0s entregas georreferenciadas do governo&#8221;, explicou.&nbsp;<\/p>\n","protected":false},"excerpt":{"rendered":"<p>O presidente Jair Bolsonaro comentou nesta quarta-feira (4) o resultado do Produto Interno Bruto (PIB) de 2019, que&nbsp;cresceu 1,1% em rela\u00e7\u00e3o ao ano anterior, de&hellip; <\/p>\n","protected":false},"author":2,"featured_media":156512,"comment_status":"closed","ping_status":"closed","sticky":false,"template":"","format":"standard","meta":{"sfsi_plus_gutenberg_text_before_share":"","sfsi_plus_gutenberg_show_text_before_share":"","sfsi_plus_gutenberg_icon_type":"","sfsi_plus_gutenberg_icon_alignemt":"","sfsi_plus_gutenburg_max_per_row":"","footnotes":""},"categories":[11],"tags":[],"class_list":["post-156510","post","type-post","status-publish","format-standard","has-post-thumbnail","hentry","category-politica"],"_links":{"self":[{"href":"https:\/\/www.caririemacao.com\/1\/wp-json\/wp\/v2\/posts\/156510","targetHints":{"allow":["GET"]}}],"collection":[{"href":"https:\/\/www.caririemacao.com\/1\/wp-json\/wp\/v2\/posts"}],"about":[{"href":"https:\/\/www.caririemacao.com\/1\/wp-json\/wp\/v2\/types\/post"}],"author":[{"embeddable":true,"href":"https:\/\/www.caririemacao.com\/1\/wp-json\/wp\/v2\/users\/2"}],"replies":[{"embeddable":true,"href":"https:\/\/www.caririemacao.com\/1\/wp-json\/wp\/v2\/comments?post=156510"}],"version-history":[{"count":1,"href":"https:\/\/www.caririemacao.com\/1\/wp-json\/wp\/v2\/posts\/156510\/revisions"}],"predecessor-version":[{"id":156513,"href":"https:\/\/www.caririemacao.com\/1\/wp-json\/wp\/v2\/posts\/156510\/revisions\/156513"}],"wp:featuredmedia":[{"embeddable":true,"href":"https:\/\/www.caririemacao.com\/1\/wp-json\/wp\/v2\/media\/156512"}],"wp:attachment":[{"href":"https:\/\/www.caririemacao.com\/1\/wp-json\/wp\/v2\/media?parent=156510"}],"wp:term":[{"taxonomy":"category","embeddable":true,"href":"https:\/\/www.caririemacao.com\/1\/wp-json\/wp\/v2\/categories?post=156510"},{"taxonomy":"post_tag","embeddable":true,"href":"https:\/\/www.caririemacao.com\/1\/wp-json\/wp\/v2\/tags?post=156510"}],"curies":[{"name":"wp","href":"https:\/\/api.w.org\/{rel}","templated":true}]}}