{"id":156516,"date":"2020-03-05T07:59:37","date_gmt":"2020-03-05T10:59:37","guid":{"rendered":"http:\/\/www.caririemacao.com\/1\/?p=156516"},"modified":"2020-03-05T07:59:39","modified_gmt":"2020-03-05T10:59:39","slug":"endocrinologista-fala-sobre-a-obesidade-na-adolescencia","status":"publish","type":"post","link":"https:\/\/www.caririemacao.com\/1\/2020\/03\/05\/endocrinologista-fala-sobre-a-obesidade-na-adolescencia\/","title":{"rendered":"Endocrinologista fala sobre a obesidade na adolesc\u00eancia"},"content":{"rendered":"\n<p>No Dia Mundial\u00a0do Combate \u00e0 Obesidade, comemorado nesta quarta-feira (4), o Nacional Jovem fala sobre os perigos da obesidade na adolesc\u00eancia.\u00a0Segundo as Na\u00e7\u00f5es Unidas, o n\u00famero de crian\u00e7as e adolescentes obesos aumentou 11 vezes mais do que h\u00e1 quatro d\u00e9cadas. Para tratar do assunto, Edil\u00e9ia Martins conversou com a endocrinologista da Sociedade Brasileira de Endocrinologia e Metabologia da Regional S\u00e3o Paulo (SBEM-SP), Glaucia Carneiro.<\/p>\n","protected":false},"excerpt":{"rendered":"<p>No Dia Mundial\u00a0do Combate \u00e0 Obesidade, comemorado nesta quarta-feira (4), o Nacional Jovem fala sobre os perigos da obesidade na adolesc\u00eancia.\u00a0Segundo as Na\u00e7\u00f5es Unidas, o&hellip; <\/p>\n","protected":false},"author":2,"featured_media":104019,"comment_status":"closed","ping_status":"closed","sticky":false,"template":"","format":"standard","meta":{"sfsi_plus_gutenberg_text_before_share":"","sfsi_plus_gutenberg_show_text_before_share":"","sfsi_plus_gutenberg_icon_type":"","sfsi_plus_gutenberg_icon_alignemt":"","sfsi_plus_gutenburg_max_per_row":"","footnotes":""},"categories":[2],"tags":[],"class_list":["post-156516","post","type-post","status-publish","format-standard","has-post-thumbnail","hentry","category-geral"],"_links":{"self":[{"href":"https:\/\/www.caririemacao.com\/1\/wp-json\/wp\/v2\/posts\/156516","targetHints":{"allow":["GET"]}}],"collection":[{"href":"https:\/\/www.caririemacao.com\/1\/wp-json\/wp\/v2\/posts"}],"about":[{"href":"https:\/\/www.caririemacao.com\/1\/wp-json\/wp\/v2\/types\/post"}],"author":[{"embeddable":true,"href":"https:\/\/www.caririemacao.com\/1\/wp-json\/wp\/v2\/users\/2"}],"replies":[{"embeddable":true,"href":"https:\/\/www.caririemacao.com\/1\/wp-json\/wp\/v2\/comments?post=156516"}],"version-history":[{"count":1,"href":"https:\/\/www.caririemacao.com\/1\/wp-json\/wp\/v2\/posts\/156516\/revisions"}],"predecessor-version":[{"id":156517,"href":"https:\/\/www.caririemacao.com\/1\/wp-json\/wp\/v2\/posts\/156516\/revisions\/156517"}],"wp:featuredmedia":[{"embeddable":true,"href":"https:\/\/www.caririemacao.com\/1\/wp-json\/wp\/v2\/media\/104019"}],"wp:attachment":[{"href":"https:\/\/www.caririemacao.com\/1\/wp-json\/wp\/v2\/media?parent=156516"}],"wp:term":[{"taxonomy":"category","embeddable":true,"href":"https:\/\/www.caririemacao.com\/1\/wp-json\/wp\/v2\/categories?post=156516"},{"taxonomy":"post_tag","embeddable":true,"href":"https:\/\/www.caririemacao.com\/1\/wp-json\/wp\/v2\/tags?post=156516"}],"curies":[{"name":"wp","href":"https:\/\/api.w.org\/{rel}","templated":true}]}}