{"id":156522,"date":"2020-03-05T08:17:58","date_gmt":"2020-03-05T11:17:58","guid":{"rendered":"http:\/\/www.caririemacao.com\/1\/?p=156522"},"modified":"2020-03-05T08:18:00","modified_gmt":"2020-03-05T11:18:00","slug":"economia-crescera-mais-de-2-se-reformas-forem-aprovadas-diz-guedes","status":"publish","type":"post","link":"https:\/\/www.caririemacao.com\/1\/2020\/03\/05\/economia-crescera-mais-de-2-se-reformas-forem-aprovadas-diz-guedes\/","title":{"rendered":"Economia crescer\u00e1 mais de 2% se reformas forem aprovadas, diz Guedes"},"content":{"rendered":"\n<p>A economia brasileira crescer\u00e1 mais de 2% em 2020 se as reformas propostas pelo governo forem aprovadas, disse hoje (4) o ministro da Economia, Paulo Guedes. Segundo ele, o coronav\u00edrus ter\u00e1 pouco impacto sobre o pa\u00eds porque a economia brasileira \u00e9 fechada em rela\u00e7\u00e3o \u00e0s economias do resto do mundo.<\/p>\n\n\n\n<p>\u201cNo segundo ano [de governo], acho que crescemos acima de 2%, mesmo com o coronav\u00edrus. O Brasil teve at\u00e9 agora dois casos confirmados [o n\u00famero subiu para tr\u00eas hoje]. \u00c9 uma economia que esteve relativamente fechada todos esses anos\u201d, declarou Guedes, ao sair do Minist\u00e9rio da Economia para cerim\u00f4nia no Pal\u00e1cio do Planalto.<\/p>\n\n\n\n<p>Para o ministro, do mesmo jeito que o Brasil beneficiou-se pouco do crescimento mundial nas \u00faltimas d\u00e9cadas, o fechamento da economia diminui o impacto do coronav\u00edrus sobre o pa\u00eds. \u201cQuando o mundo todo estava crescendo, ser uma economia aberta e integrada era uma grande vantagem. Se n\u00f3s n\u00e3o pegamos o vento a favor, agora o vento contra tem um impacto menor na economia brasileira. Se nossa economia fosse extraordinariamente aberta, o impacto seria muito maior\u201d, disse o ministro.<\/p>\n\n\n\n<p>Guedes tamb\u00e9m disse que o&nbsp;<a href=\"https:\/\/agenciabrasil.ebc.com.br\/economia\/noticia\/2020-03\/pib-fecha-2019-com-crescimento-de-11-em-relacao-2018\" target=\"_blank\" rel=\"noreferrer noopener\">crescimento de 1,1% do Produto Interno Bruto<\/a>&nbsp;(PIB, soma dos bens e servi\u00e7os produzidos no pa\u00eds) em 2019 n\u00e3o surpreendeu. O ministro enfatizou que o resultado est\u00e1 pr\u00f3ximo ao que ele previa no in\u00edcio do governo.<\/p>\n\n\n\n<p>\u201cO que eu havia dito no in\u00edcio do governo? No primeiro ano, vamos crescer 1%. Saiu 1,1%. Ent\u00e3o est\u00e1 dentro do previsto. No segundo ano, conseguindo as reformas, vamos crescer acima de 2%. Se voc\u00eas pegarem o segundo semestre, foi o melhor segundo semestre desde 2013. Se voc\u00eas pegarem o \u00faltimo trimestre do ano passado sobre o trimestre do ano anterior, j\u00e1 est\u00e1 alcan\u00e7ando 1,7%\u201d, acrescentou.<\/p>\n\n\n\n<p>O ministro ressaltou que, apesar de o crescimento do PIB em 2019 ter sido menor que o dos dois anos anteriores, a economia brasileira est\u00e1 se acelerando e apresentando sinais de recupera\u00e7\u00e3o. Ele ressaltou que o segundo semestre apresentou o melhor crescimento em rela\u00e7\u00e3o ao mesmo semestre do ano anterior desde 2013 e disse n\u00e3o ter entendido a \u201ccomo\u00e7\u00e3o\u201d em torno do resultado de 1,1% divulgado hoje (4) pelo Instituto Brasileiro de Geografia e Estat\u00edstica (IBGE).<\/p>\n\n\n\n<p>\u201cA economia estava crescendo abaixo de 1%, acelerou no primeiro trimestre para 1%, no segundo trimestre para 1,3%. No \u00faltimo trimestre, estava crescendo a 1,7%, jogado sobre o mesmo per\u00edodo do ano anterior\u201d, disse.<\/p>\n\n\n\n<p>Guedes disse que a economia est\u00e1 esperando as reformas para que a recupera\u00e7\u00e3o se acelere. \u201c\u00c0 medida que as reformas forem acontecendo, que elas forem sendo implementadas, o Brasil vai reacelerando. Ent\u00e3o est\u00e1 tudo dentro do previsto. N\u00e3o entendi essa como\u00e7\u00e3o toda! Ah, deu 1,1%, por que isso \u00e9 desesperado? \u00c9 1% o que a gente achou que ia crescer no primeiro ano\u201d, acrescentou.<\/p>\n","protected":false},"excerpt":{"rendered":"<p>A economia brasileira crescer\u00e1 mais de 2% em 2020 se as reformas propostas pelo governo forem aprovadas, disse hoje (4) o ministro da Economia, Paulo&hellip; <\/p>\n","protected":false},"author":2,"featured_media":156523,"comment_status":"closed","ping_status":"closed","sticky":false,"template":"","format":"standard","meta":{"sfsi_plus_gutenberg_text_before_share":"","sfsi_plus_gutenberg_show_text_before_share":"","sfsi_plus_gutenberg_icon_type":"","sfsi_plus_gutenberg_icon_alignemt":"","sfsi_plus_gutenburg_max_per_row":"","footnotes":""},"categories":[2],"tags":[],"class_list":["post-156522","post","type-post","status-publish","format-standard","has-post-thumbnail","hentry","category-geral"],"_links":{"self":[{"href":"https:\/\/www.caririemacao.com\/1\/wp-json\/wp\/v2\/posts\/156522","targetHints":{"allow":["GET"]}}],"collection":[{"href":"https:\/\/www.caririemacao.com\/1\/wp-json\/wp\/v2\/posts"}],"about":[{"href":"https:\/\/www.caririemacao.com\/1\/wp-json\/wp\/v2\/types\/post"}],"author":[{"embeddable":true,"href":"https:\/\/www.caririemacao.com\/1\/wp-json\/wp\/v2\/users\/2"}],"replies":[{"embeddable":true,"href":"https:\/\/www.caririemacao.com\/1\/wp-json\/wp\/v2\/comments?post=156522"}],"version-history":[{"count":1,"href":"https:\/\/www.caririemacao.com\/1\/wp-json\/wp\/v2\/posts\/156522\/revisions"}],"predecessor-version":[{"id":156524,"href":"https:\/\/www.caririemacao.com\/1\/wp-json\/wp\/v2\/posts\/156522\/revisions\/156524"}],"wp:featuredmedia":[{"embeddable":true,"href":"https:\/\/www.caririemacao.com\/1\/wp-json\/wp\/v2\/media\/156523"}],"wp:attachment":[{"href":"https:\/\/www.caririemacao.com\/1\/wp-json\/wp\/v2\/media?parent=156522"}],"wp:term":[{"taxonomy":"category","embeddable":true,"href":"https:\/\/www.caririemacao.com\/1\/wp-json\/wp\/v2\/categories?post=156522"},{"taxonomy":"post_tag","embeddable":true,"href":"https:\/\/www.caririemacao.com\/1\/wp-json\/wp\/v2\/tags?post=156522"}],"curies":[{"name":"wp","href":"https:\/\/api.w.org\/{rel}","templated":true}]}}