{"id":156525,"date":"2020-03-05T08:19:33","date_gmt":"2020-03-05T11:19:33","guid":{"rendered":"http:\/\/www.caririemacao.com\/1\/?p=156525"},"modified":"2020-03-05T08:19:36","modified_gmt":"2020-03-05T11:19:36","slug":"olimpiada-brasileira-de-matematica-das-escolas-publicas-esta-com-inscricoes-abertas-ate-20-de-marco","status":"publish","type":"post","link":"https:\/\/www.caririemacao.com\/1\/2020\/03\/05\/olimpiada-brasileira-de-matematica-das-escolas-publicas-esta-com-inscricoes-abertas-ate-20-de-marco\/","title":{"rendered":"Olimp\u00edada Brasileira de Matem\u00e1tica das Escolas P\u00fablicas est\u00e1 com inscri\u00e7\u00f5es abertas at\u00e9 20 de mar\u00e7o"},"content":{"rendered":"\n<p>O Nacional Jovem desta ter\u00e7a-feira (3) fala sobre a&nbsp;<a href=\"http:\/\/www.obmep.org.br\/destaques.DO?id=692\">16\u00aa&nbsp;Olimp\u00edada Brasileira de Matem\u00e1tica das Escolas P\u00fablicas (OBMEP)<\/a>&nbsp;que est\u00e1 com inscri\u00e7\u00f5es abertas at\u00e9 o dia 20 de mar\u00e7o.&nbsp;Os estudantes que desejam participar devem fazer a inscri\u00e7\u00e3o diretamente com o professor na escola. Em 2019, mais de 18 milh\u00f5es de estudantes participaram das provas. Sobre a edi\u00e7\u00e3o deste ano, Edil\u00e9ia Martins conversou com o diretor-adjunto do IMPA \u2013 Instituto de Matem\u00e1tica Pura e Aplicada, Claudio Landim.&nbsp;<\/p>\n\n\n\n<p>&#8220;N\u00f3s dividimos os alunos em tr\u00eas grupos. O primeiro n\u00edvel s\u00e3o os alunos do 6\u00ba e 7\u00ba ano do fundamental. O segundo, o oitavo e o nono. E o terceiro, \u00faltimo n\u00edvel, os alunos do ensino m\u00e9dio. Jovens matriculados no EJA tamb\u00e9m podem participar. A 1. fase \u00e9 uma prova de multipla escolha com 20 quest\u00f5es, que \u00e9 aplicada nas escolas. A escola corrige a prova a partir de um gabarito que a gente manda. E ela classifica pra 2. fase 5% dos melhores alunos. A prova da 1. fase ser\u00e1 no dia 26 de maio, nos tr\u00eas turnos. Os alunos classificados participam da 2. fase que ir\u00e1 acontecer dia 26 de setembro. Na 2. fase a prova \u00e9 aplicada no s\u00e1bado e a\u00ed s\u00e3o 6 problemas discursivos que ele tem que resolver&#8221;, esclarece o diretor do IMPA.<\/p>\n\n\n\n<p>Segundo ele, as provas n\u00e3o exigem conhecimento matem\u00e1tico. Para tanto, um aluno que n\u00e3o goste da disciplina pode ir muito bem na Olimp\u00edada. O desafio \u00e9 tamanho, que muitos desses alunos acabam at\u00e9 gostando e se divertindo com as provas da OBMEP. Ao todo, s\u00e3o 500 medalhas de ouro para as escolas p\u00fablicas, 1500 medalhas de prata e 4.500 medalhas de bronze al\u00e9m de 47 mil men\u00e7\u00f5es honrosas distribu\u00eddas em todo o pa\u00eds. Para as escolas privadas s\u00e3o 75 medalhas de ouro, 225 medalhas de prata e 675 medalhas de bronze e quase 5 mil men\u00e7\u00f5es honrosas. Lembrando que os alunos da rede p\u00fablica n\u00e3o pagam nada pela inscri\u00e7\u00e3o.<\/p>\n\n\n\n<p>Na entrevista, Claudio comenta tamb\u00e9m o ensino da disciplina no Brasil. Para preencher essa lacuna no ensino, ele recomenda o acesso ao conte\u00fado dispon\u00edvel no&nbsp;<a href=\"https:\/\/portaldosaber.obmep.org.br\/\">Portal do Saber<\/a>.&nbsp;<\/p>\n","protected":false},"excerpt":{"rendered":"<p>O Nacional Jovem desta ter\u00e7a-feira (3) fala sobre a&nbsp;16\u00aa&nbsp;Olimp\u00edada Brasileira de Matem\u00e1tica das Escolas P\u00fablicas (OBMEP)&nbsp;que est\u00e1 com inscri\u00e7\u00f5es abertas at\u00e9 o dia 20 de&hellip; <\/p>\n","protected":false},"author":2,"featured_media":13230,"comment_status":"closed","ping_status":"closed","sticky":false,"template":"","format":"standard","meta":{"sfsi_plus_gutenberg_text_before_share":"","sfsi_plus_gutenberg_show_text_before_share":"","sfsi_plus_gutenberg_icon_type":"","sfsi_plus_gutenberg_icon_alignemt":"","sfsi_plus_gutenburg_max_per_row":"","footnotes":""},"categories":[2],"tags":[],"class_list":["post-156525","post","type-post","status-publish","format-standard","has-post-thumbnail","hentry","category-geral"],"_links":{"self":[{"href":"https:\/\/www.caririemacao.com\/1\/wp-json\/wp\/v2\/posts\/156525","targetHints":{"allow":["GET"]}}],"collection":[{"href":"https:\/\/www.caririemacao.com\/1\/wp-json\/wp\/v2\/posts"}],"about":[{"href":"https:\/\/www.caririemacao.com\/1\/wp-json\/wp\/v2\/types\/post"}],"author":[{"embeddable":true,"href":"https:\/\/www.caririemacao.com\/1\/wp-json\/wp\/v2\/users\/2"}],"replies":[{"embeddable":true,"href":"https:\/\/www.caririemacao.com\/1\/wp-json\/wp\/v2\/comments?post=156525"}],"version-history":[{"count":1,"href":"https:\/\/www.caririemacao.com\/1\/wp-json\/wp\/v2\/posts\/156525\/revisions"}],"predecessor-version":[{"id":156527,"href":"https:\/\/www.caririemacao.com\/1\/wp-json\/wp\/v2\/posts\/156525\/revisions\/156527"}],"wp:featuredmedia":[{"embeddable":true,"href":"https:\/\/www.caririemacao.com\/1\/wp-json\/wp\/v2\/media\/13230"}],"wp:attachment":[{"href":"https:\/\/www.caririemacao.com\/1\/wp-json\/wp\/v2\/media?parent=156525"}],"wp:term":[{"taxonomy":"category","embeddable":true,"href":"https:\/\/www.caririemacao.com\/1\/wp-json\/wp\/v2\/categories?post=156525"},{"taxonomy":"post_tag","embeddable":true,"href":"https:\/\/www.caririemacao.com\/1\/wp-json\/wp\/v2\/tags?post=156525"}],"curies":[{"name":"wp","href":"https:\/\/api.w.org\/{rel}","templated":true}]}}