{"id":156534,"date":"2020-03-05T08:33:14","date_gmt":"2020-03-05T11:33:14","guid":{"rendered":"http:\/\/www.caririemacao.com\/1\/?p=156534"},"modified":"2020-03-05T08:33:16","modified_gmt":"2020-03-05T11:33:16","slug":"ansiedade-de-separacao-e-comum-na-infancia","status":"publish","type":"post","link":"https:\/\/www.caririemacao.com\/1\/2020\/03\/05\/ansiedade-de-separacao-e-comum-na-infancia\/","title":{"rendered":"Ansiedade de separa\u00e7\u00e3o \u00e9 comum na inf\u00e2ncia"},"content":{"rendered":"\n<p>O Tarde Nacional &#8211; Amaz\u00f4nia desta quinta-feira (27) falou sobre a ansiedade de separa\u00e7\u00e3o que pode surgir em diferentes momentos da inf\u00e2ncia. O entrevistado foi o psiquiatra, mestre em Dist\u00farbios do Desenvolvimento e professor da Faculdade IPEMED de Ci\u00eancias M\u00e9dicas, Dr. Daniel Filho.<\/p>\n\n\n\n<p>Ele explicou que esse tipo de ansiedade \u00e9 normal durante as primeiras fases da vida da crian\u00e7a. O problema \u00e9 quando o medo excessivo do abandono persiste e desperta sintomas como dores de cabe\u00e7a e de est\u00f4mago, enjoos, pesadelos e ataques de p\u00e2nico, o que pode significar um transtorno.<\/p>\n\n\n\n<p>O especialista alertou sobre os cuidados que devem ser tomados para amenizar as rea\u00e7\u00f5es negativas das crian\u00e7as e lembrou que o comportamento dos pais tamb\u00e9m pode perpetuar e agravar a situa\u00e7\u00e3o. Para ele, os mesmos precisam respeitar o espa\u00e7o da crian\u00e7a para que ela crie autonomia e possa brincar ou dormir sozinha. Atitudes assim podem contribuir para a diminui\u00e7\u00e3o da depend\u00eancia emocional nos menores.<\/p>\n\n\n\n<p>O psiquiatra tamb\u00e9m afirmou que conversar com a crian\u00e7a e explicar que a separa\u00e7\u00e3o \u00e9 tempor\u00e1ria pode ajudar a driblar o problema. Por\u00e9m, caso os sintomas persistam, o acompanhamento de um psic\u00f3logo ou psiqui\u00e1trico \u00e9 fundamental.<\/p>\n","protected":false},"excerpt":{"rendered":"<p>O Tarde Nacional &#8211; Amaz\u00f4nia desta quinta-feira (27) falou sobre a ansiedade de separa\u00e7\u00e3o que pode surgir em diferentes momentos da inf\u00e2ncia. O entrevistado foi&hellip; <\/p>\n","protected":false},"author":2,"featured_media":152654,"comment_status":"closed","ping_status":"closed","sticky":false,"template":"","format":"standard","meta":{"sfsi_plus_gutenberg_text_before_share":"","sfsi_plus_gutenberg_show_text_before_share":"","sfsi_plus_gutenberg_icon_type":"","sfsi_plus_gutenberg_icon_alignemt":"","sfsi_plus_gutenburg_max_per_row":"","footnotes":""},"categories":[2],"tags":[],"class_list":["post-156534","post","type-post","status-publish","format-standard","has-post-thumbnail","hentry","category-geral"],"_links":{"self":[{"href":"https:\/\/www.caririemacao.com\/1\/wp-json\/wp\/v2\/posts\/156534","targetHints":{"allow":["GET"]}}],"collection":[{"href":"https:\/\/www.caririemacao.com\/1\/wp-json\/wp\/v2\/posts"}],"about":[{"href":"https:\/\/www.caririemacao.com\/1\/wp-json\/wp\/v2\/types\/post"}],"author":[{"embeddable":true,"href":"https:\/\/www.caririemacao.com\/1\/wp-json\/wp\/v2\/users\/2"}],"replies":[{"embeddable":true,"href":"https:\/\/www.caririemacao.com\/1\/wp-json\/wp\/v2\/comments?post=156534"}],"version-history":[{"count":1,"href":"https:\/\/www.caririemacao.com\/1\/wp-json\/wp\/v2\/posts\/156534\/revisions"}],"predecessor-version":[{"id":156535,"href":"https:\/\/www.caririemacao.com\/1\/wp-json\/wp\/v2\/posts\/156534\/revisions\/156535"}],"wp:featuredmedia":[{"embeddable":true,"href":"https:\/\/www.caririemacao.com\/1\/wp-json\/wp\/v2\/media\/152654"}],"wp:attachment":[{"href":"https:\/\/www.caririemacao.com\/1\/wp-json\/wp\/v2\/media?parent=156534"}],"wp:term":[{"taxonomy":"category","embeddable":true,"href":"https:\/\/www.caririemacao.com\/1\/wp-json\/wp\/v2\/categories?post=156534"},{"taxonomy":"post_tag","embeddable":true,"href":"https:\/\/www.caririemacao.com\/1\/wp-json\/wp\/v2\/tags?post=156534"}],"curies":[{"name":"wp","href":"https:\/\/api.w.org\/{rel}","templated":true}]}}