{"id":156536,"date":"2020-03-05T08:34:41","date_gmt":"2020-03-05T11:34:41","guid":{"rendered":"http:\/\/www.caririemacao.com\/1\/?p=156536"},"modified":"2020-03-05T08:34:42","modified_gmt":"2020-03-05T11:34:42","slug":"em-monteiro-xi-festival-de-cultura-popular-do-cariri-zabe-da-loca-tem-atracoes-divulgadas","status":"publish","type":"post","link":"https:\/\/www.caririemacao.com\/1\/2020\/03\/05\/em-monteiro-xi-festival-de-cultura-popular-do-cariri-zabe-da-loca-tem-atracoes-divulgadas\/","title":{"rendered":"EM MONTEIRO: XI Festival de Cultura Popular do Cariri \u2018Zab\u00e9 da Loca\u2019 tem atra\u00e7\u00f5es divulgadas"},"content":{"rendered":"\n<p>A cidade de Monteiro, no Cariri paraibano, receber\u00e1 na pr\u00f3xima semana, abrindo a agenda de festivais do munic\u00edpio, mais um evento de dinamismo cultural.Na sexta-feira, 13, tem in\u00edcio a d\u00e9cima primeira edi\u00e7\u00e3o do Festival de Cultura Popular do Cariri \u2013 Zab\u00e9 da Loca, que conta com atra\u00e7\u00f5es da cultura popular, com o Cultura na Feira que apresenta os emboladores Cab\u00f4co e S\u00e1bi\u00e1, e um dos \u00edcones da cidade, o grande contador de causos, o Beato Vicente, entre outros.A programa\u00e7\u00e3o do XI Festival tamb\u00e9m oferecer\u00e1 Oficinas de P\u00edfano para crian\u00e7as da zona Rural na comunidade de Santa Catarina com o professor Bibi do Sax nos dias 12 e 13 e na cidade no Erva Vida tamb\u00e9m haver\u00e1 oficinas para crian\u00e7as e adultos.\u201cNeste ano no palco principal acontecem shows com Xote Universit\u00e1rio, Pife Perfumado, Vit\u00f3ria do Pife e a Banda Lim\u00e3o com Mel com a grande homenageada desta edi\u00e7\u00e3o do evento, Adma Andrade.&nbsp; \u00c9 um imenso orgulho mais uma vez realizarmos um Festival dessa propor\u00e7\u00e3o\u201d, comenta a secret\u00e1ria da pasta, Christianne Leal.O evento que tem o intuito de valorizar, divulgar e incentivar a cultura popular, sejam com nomes consagrados ou a descoberta de novos talentos, acontece na Pra\u00e7a Jo\u00e3o Pessoa e \u00e9 gratuito.\u201cTodos os anos buscamos novos artistas e os consagrados tamb\u00e9m, visamos primeiramente por uma programa\u00e7\u00e3o de qualidade. Neste ano homenagearemos a jovem cantora Adma Andrade, filha da nossa terra, que mesmo com pouca idade j\u00e1 tem se destacado imensamente carregando o nome de Monteiro por todo Brasil\u201d, aponta a prefeita Anna Lorena.<em>Ascom PMM<\/em><\/p>\n","protected":false},"excerpt":{"rendered":"<p>A cidade de Monteiro, no Cariri paraibano, receber\u00e1 na pr\u00f3xima semana, abrindo a agenda de festivais do munic\u00edpio, mais um evento de dinamismo cultural.Na sexta-feira,&hellip; <\/p>\n","protected":false},"author":2,"featured_media":156537,"comment_status":"closed","ping_status":"closed","sticky":false,"template":"","format":"standard","meta":{"sfsi_plus_gutenberg_text_before_share":"","sfsi_plus_gutenberg_show_text_before_share":"","sfsi_plus_gutenberg_icon_type":"","sfsi_plus_gutenberg_icon_alignemt":"","sfsi_plus_gutenburg_max_per_row":"","footnotes":""},"categories":[2],"tags":[],"class_list":["post-156536","post","type-post","status-publish","format-standard","has-post-thumbnail","hentry","category-geral"],"_links":{"self":[{"href":"https:\/\/www.caririemacao.com\/1\/wp-json\/wp\/v2\/posts\/156536","targetHints":{"allow":["GET"]}}],"collection":[{"href":"https:\/\/www.caririemacao.com\/1\/wp-json\/wp\/v2\/posts"}],"about":[{"href":"https:\/\/www.caririemacao.com\/1\/wp-json\/wp\/v2\/types\/post"}],"author":[{"embeddable":true,"href":"https:\/\/www.caririemacao.com\/1\/wp-json\/wp\/v2\/users\/2"}],"replies":[{"embeddable":true,"href":"https:\/\/www.caririemacao.com\/1\/wp-json\/wp\/v2\/comments?post=156536"}],"version-history":[{"count":1,"href":"https:\/\/www.caririemacao.com\/1\/wp-json\/wp\/v2\/posts\/156536\/revisions"}],"predecessor-version":[{"id":156538,"href":"https:\/\/www.caririemacao.com\/1\/wp-json\/wp\/v2\/posts\/156536\/revisions\/156538"}],"wp:featuredmedia":[{"embeddable":true,"href":"https:\/\/www.caririemacao.com\/1\/wp-json\/wp\/v2\/media\/156537"}],"wp:attachment":[{"href":"https:\/\/www.caririemacao.com\/1\/wp-json\/wp\/v2\/media?parent=156536"}],"wp:term":[{"taxonomy":"category","embeddable":true,"href":"https:\/\/www.caririemacao.com\/1\/wp-json\/wp\/v2\/categories?post=156536"},{"taxonomy":"post_tag","embeddable":true,"href":"https:\/\/www.caririemacao.com\/1\/wp-json\/wp\/v2\/tags?post=156536"}],"curies":[{"name":"wp","href":"https:\/\/api.w.org\/{rel}","templated":true}]}}