{"id":156545,"date":"2020-03-05T08:42:42","date_gmt":"2020-03-05T11:42:42","guid":{"rendered":"http:\/\/www.caririemacao.com\/1\/?p=156545"},"modified":"2020-03-05T08:42:43","modified_gmt":"2020-03-05T11:42:43","slug":"camara-de-vereadores-de-sume-aprova-projeto-de-reajuste-do-piso-salarial-dos-professores","status":"publish","type":"post","link":"https:\/\/www.caririemacao.com\/1\/2020\/03\/05\/camara-de-vereadores-de-sume-aprova-projeto-de-reajuste-do-piso-salarial-dos-professores\/","title":{"rendered":"C\u00e2mara de Vereadores de Sum\u00e9 aprova projeto de reajuste do piso salarial dos professores"},"content":{"rendered":"\n<p>Na reuni\u00e3o da C\u00e2mara de Vereadores de Sum\u00e9 ocorrida na noite desta ter\u00e7a-feira (03), os parlamentares discutiram o Servi\u00e7o de Inspe\u00e7\u00e3o Municipal (S.I.M).<\/p>\n\n\n\n<p>Participaram do encontro membros da vigil\u00e2ncia sanit\u00e1ria, da Empresa Paraibana de Pesquisa, Extens\u00e3o Rural e Regulariza\u00e7\u00e3o Fundi\u00e1ria (Empaer), representantes de associa\u00e7\u00f5es e demais convidados.<\/p>\n\n\n\n<div class=\"wp-block-image\"><figure class=\"aligncenter\"><a href=\"http:\/\/noticiasemdestaque.com\/cd\/wp-content\/uploads\/2020\/03\/DSC_0896.jpg\"><img decoding=\"async\" data-src=\"http:\/\/noticiasemdestaque.com\/cd\/wp-content\/uploads\/2020\/03\/DSC_0896-1024x897.jpg\" alt=\"\" class=\"wp-image-23483 lazyload\" src=\"data:image\/svg+xml;base64,PHN2ZyB3aWR0aD0iMSIgaGVpZ2h0PSIxIiB4bWxucz0iaHR0cDovL3d3dy53My5vcmcvMjAwMC9zdmciPjwvc3ZnPg==\" style=\"--smush-placeholder-width: 1024px; --smush-placeholder-aspect-ratio: 1024\/897;\" \/><\/a><\/figure><\/div>\n\n\n\n<p>Dr\u00ba Ricardo Morato, da vigil\u00e2ncia sanit\u00e1ria, explicou que o selo \u00e9 respons\u00e1vel pela inspe\u00e7\u00e3o e fiscaliza\u00e7\u00e3o da produ\u00e7\u00e3o industrial e sanit\u00e1ria dos produtos, \u201cA ideia \u00e9 facilitar a emiss\u00e3o do selo para os produtores\u201d, afirmou.<\/p>\n\n\n\n<p>A reuni\u00e3o que tratou sobre o Servi\u00e7o de Inspe\u00e7\u00e3o Municipal (S.I.M), foi apenas para discutir a import\u00e2ncia deste selo, anda n\u00e3o existe nenhuma defini\u00e7\u00e3o sobre o tema e nem prazos para emiss\u00e3o em Sum\u00e9.<\/p>\n\n\n\n<div class=\"wp-block-image\"><figure class=\"aligncenter\"><a href=\"http:\/\/noticiasemdestaque.com\/cd\/wp-content\/uploads\/2020\/03\/DSC_0913.jpg\"><img decoding=\"async\" data-src=\"http:\/\/noticiasemdestaque.com\/cd\/wp-content\/uploads\/2020\/03\/DSC_0913-1006x1024.jpg\" alt=\"\" class=\"wp-image-23480 lazyload\" src=\"data:image\/svg+xml;base64,PHN2ZyB3aWR0aD0iMSIgaGVpZ2h0PSIxIiB4bWxucz0iaHR0cDovL3d3dy53My5vcmcvMjAwMC9zdmciPjwvc3ZnPg==\" style=\"--smush-placeholder-width: 1006px; --smush-placeholder-aspect-ratio: 1006\/1024;\" \/><\/a><\/figure><\/div>\n\n\n\n<p>Durante a reuni\u00e3o, o vereador Ver Jos\u00e9 Ant\u00f4nio agradeceu a gest\u00e3o do prefeito \u00c9den Duarte pelo trabalho realizado nas estradas do s\u00edtio porteiras, que ap\u00f3s as chuvas estavam intransit\u00e1veis.<\/p>\n\n\n\n<div class=\"wp-block-image\"><figure class=\"aligncenter\"><a href=\"http:\/\/noticiasemdestaque.com\/cd\/wp-content\/uploads\/2020\/03\/DSC_0890.jpg\"><img decoding=\"async\" data-src=\"http:\/\/noticiasemdestaque.com\/cd\/wp-content\/uploads\/2020\/03\/DSC_0890-1024x891.jpg\" alt=\"\" class=\"wp-image-23482 lazyload\" src=\"data:image\/svg+xml;base64,PHN2ZyB3aWR0aD0iMSIgaGVpZ2h0PSIxIiB4bWxucz0iaHR0cDovL3d3dy53My5vcmcvMjAwMC9zdmciPjwvc3ZnPg==\" style=\"--smush-placeholder-width: 1024px; --smush-placeholder-aspect-ratio: 1024\/891;\" \/><\/a><\/figure><\/div>\n\n\n\n<p>O vereador Nilson Brito afirmou que ir\u00e1 encaminhar ao prefeito \u00c9den, uma solicita\u00e7\u00e3o para abastecimento de \u00e1gua para zona rural de Sum\u00e9, para a comunidade da Ladeira do Padre.<\/p>\n\n\n\n<div class=\"wp-block-image\"><figure class=\"aligncenter\"><a href=\"http:\/\/noticiasemdestaque.com\/cd\/wp-content\/uploads\/2020\/03\/DSC_0886.jpg\"><img decoding=\"async\" data-src=\"http:\/\/noticiasemdestaque.com\/cd\/wp-content\/uploads\/2020\/03\/DSC_0886-1024x892.jpg\" alt=\"\" class=\"wp-image-23481 lazyload\" src=\"data:image\/svg+xml;base64,PHN2ZyB3aWR0aD0iMSIgaGVpZ2h0PSIxIiB4bWxucz0iaHR0cDovL3d3dy53My5vcmcvMjAwMC9zdmciPjwvc3ZnPg==\" style=\"--smush-placeholder-width: 1024px; --smush-placeholder-aspect-ratio: 1024\/892;\" \/><\/a><\/figure><\/div>\n\n\n\n<p>De acordo com o l\u00edder do governo na C\u00e2mara, Antonio Carlos Sarmento, a reuni\u00e3o foi extremamente import\u00e2ncia e ressaltou a aprova\u00e7\u00e3o do projeto de lei de autoria do Poder Executivo que cria uma nova vaga de t\u00e9cnico em sa\u00fade bucal, no quadro efetivo do munic\u00edpio.<\/p>\n\n\n\n<div class=\"wp-block-image\"><figure class=\"aligncenter\"><a href=\"http:\/\/noticiasemdestaque.com\/cd\/wp-content\/uploads\/2020\/03\/DSC_0905.jpg\"><img decoding=\"async\" data-src=\"http:\/\/noticiasemdestaque.com\/cd\/wp-content\/uploads\/2020\/03\/DSC_0905-757x1024.jpg\" alt=\"\" class=\"wp-image-23478 lazyload\" src=\"data:image\/svg+xml;base64,PHN2ZyB3aWR0aD0iMSIgaGVpZ2h0PSIxIiB4bWxucz0iaHR0cDovL3d3dy53My5vcmcvMjAwMC9zdmciPjwvc3ZnPg==\" style=\"--smush-placeholder-width: 757px; --smush-placeholder-aspect-ratio: 757\/1024;\" \/><\/a><\/figure><\/div>\n\n\n\n<p>A vereadora Brigida Xavier, lamentou os cortes realizados pelo governo Jair Bolsonaro no Sistema \u00danico de Assist\u00eancia Social, modelo de gest\u00e3o utilizado no Brasil para operacionalizar as a\u00e7\u00f5es de assist\u00eancia social, prejudicando \u00e0 popula\u00e7\u00e3o mais carente.<\/p>\n\n\n\n<p>Foi aprovado o projeto de lei 577\/2020 de autoria do Poder Executivo que altera os padr\u00f5es de vencimentos do cargo de provimento efetivo de professor fundamental II em 5%, retroativo a 1\u00ba de fevereiro de 2020, essa categoria j\u00e1 recebe os vencimentos acima do valor do piso.<\/p>\n\n\n\n<p>Foi aprovado o projeto de lei 578\/2020 de autoria do Poder Executivo que altera os padr\u00f5es de vencimento \u00fanico do cargo de provimento efetivo de professor do ensino fundamental I em 12,83 %, inclusive retroativo a 1\u00ba de janeiro de 2020.<\/p>\n\n\n\n<p>Ascom\/C\u00e2mara<\/p>\n","protected":false},"excerpt":{"rendered":"<p>Na reuni\u00e3o da C\u00e2mara de Vereadores de Sum\u00e9 ocorrida na noite desta ter\u00e7a-feira (03), os parlamentares discutiram o Servi\u00e7o de Inspe\u00e7\u00e3o Municipal (S.I.M). Participaram do&hellip; <\/p>\n","protected":false},"author":2,"featured_media":156546,"comment_status":"closed","ping_status":"closed","sticky":false,"template":"","format":"standard","meta":{"sfsi_plus_gutenberg_text_before_share":"","sfsi_plus_gutenberg_show_text_before_share":"","sfsi_plus_gutenberg_icon_type":"","sfsi_plus_gutenberg_icon_alignemt":"","sfsi_plus_gutenburg_max_per_row":"","footnotes":""},"categories":[2],"tags":[],"class_list":["post-156545","post","type-post","status-publish","format-standard","has-post-thumbnail","hentry","category-geral"],"_links":{"self":[{"href":"https:\/\/www.caririemacao.com\/1\/wp-json\/wp\/v2\/posts\/156545","targetHints":{"allow":["GET"]}}],"collection":[{"href":"https:\/\/www.caririemacao.com\/1\/wp-json\/wp\/v2\/posts"}],"about":[{"href":"https:\/\/www.caririemacao.com\/1\/wp-json\/wp\/v2\/types\/post"}],"author":[{"embeddable":true,"href":"https:\/\/www.caririemacao.com\/1\/wp-json\/wp\/v2\/users\/2"}],"replies":[{"embeddable":true,"href":"https:\/\/www.caririemacao.com\/1\/wp-json\/wp\/v2\/comments?post=156545"}],"version-history":[{"count":1,"href":"https:\/\/www.caririemacao.com\/1\/wp-json\/wp\/v2\/posts\/156545\/revisions"}],"predecessor-version":[{"id":156547,"href":"https:\/\/www.caririemacao.com\/1\/wp-json\/wp\/v2\/posts\/156545\/revisions\/156547"}],"wp:featuredmedia":[{"embeddable":true,"href":"https:\/\/www.caririemacao.com\/1\/wp-json\/wp\/v2\/media\/156546"}],"wp:attachment":[{"href":"https:\/\/www.caririemacao.com\/1\/wp-json\/wp\/v2\/media?parent=156545"}],"wp:term":[{"taxonomy":"category","embeddable":true,"href":"https:\/\/www.caririemacao.com\/1\/wp-json\/wp\/v2\/categories?post=156545"},{"taxonomy":"post_tag","embeddable":true,"href":"https:\/\/www.caririemacao.com\/1\/wp-json\/wp\/v2\/tags?post=156545"}],"curies":[{"name":"wp","href":"https:\/\/api.w.org\/{rel}","templated":true}]}}