{"id":156552,"date":"2020-03-05T09:18:54","date_gmt":"2020-03-05T12:18:54","guid":{"rendered":"http:\/\/www.caririemacao.com\/1\/?p=156552"},"modified":"2020-03-05T09:18:56","modified_gmt":"2020-03-05T12:18:56","slug":"homem-morre-e-duas-pessoas-ficam-feridas-apos-suspeitos-atirarem-contra-grupo","status":"publish","type":"post","link":"https:\/\/www.caririemacao.com\/1\/2020\/03\/05\/homem-morre-e-duas-pessoas-ficam-feridas-apos-suspeitos-atirarem-contra-grupo\/","title":{"rendered":"Homem morre e duas pessoas ficam feridas ap\u00f3s suspeitos atirarem contra grupo"},"content":{"rendered":"\n<p>homem morreu e duas pessoas ficaram feridas, na noite desta ter\u00e7a-feira (3), em Itapororoca, depois que suspeitos atiraram de dentro de um carro contra um grupo que conversava em frente a uma casa.<\/p>\n\n\n\n<p>Uma das v\u00edtimas contou \u00e0 pol\u00edcia que no in\u00edcio da noite conversava com amigos em frente de casa, quando passou um carro preto, deu a volta na rua e, de dentro do carro, atiraram. Tr\u00eas pessoas foram atingidas.<\/p>\n\n\n\n<p>Um homem morreu ainda no local. Uma mulher de 32 anos e um adolescente de 16 anos ficaram feridos e foram encaminhados para o Hospital de Emerg\u00eancia e Trauma de Jo\u00e3o Pessoa. A mulher segue internada com estado de sa\u00fade regular. O adolescente recebeu alta na madrugada desta quarta-feira (4).<\/p>\n\n\n\n<p>G1<\/p>\n","protected":false},"excerpt":{"rendered":"<p>homem morreu e duas pessoas ficaram feridas, na noite desta ter\u00e7a-feira (3), em Itapororoca, depois que suspeitos atiraram de dentro de um carro contra um&hellip; <\/p>\n","protected":false},"author":2,"featured_media":156553,"comment_status":"closed","ping_status":"closed","sticky":false,"template":"","format":"standard","meta":{"sfsi_plus_gutenberg_text_before_share":"","sfsi_plus_gutenberg_show_text_before_share":"","sfsi_plus_gutenberg_icon_type":"","sfsi_plus_gutenberg_icon_alignemt":"","sfsi_plus_gutenburg_max_per_row":"","footnotes":""},"categories":[12],"tags":[],"class_list":["post-156552","post","type-post","status-publish","format-standard","has-post-thumbnail","hentry","category-policia"],"_links":{"self":[{"href":"https:\/\/www.caririemacao.com\/1\/wp-json\/wp\/v2\/posts\/156552","targetHints":{"allow":["GET"]}}],"collection":[{"href":"https:\/\/www.caririemacao.com\/1\/wp-json\/wp\/v2\/posts"}],"about":[{"href":"https:\/\/www.caririemacao.com\/1\/wp-json\/wp\/v2\/types\/post"}],"author":[{"embeddable":true,"href":"https:\/\/www.caririemacao.com\/1\/wp-json\/wp\/v2\/users\/2"}],"replies":[{"embeddable":true,"href":"https:\/\/www.caririemacao.com\/1\/wp-json\/wp\/v2\/comments?post=156552"}],"version-history":[{"count":1,"href":"https:\/\/www.caririemacao.com\/1\/wp-json\/wp\/v2\/posts\/156552\/revisions"}],"predecessor-version":[{"id":156554,"href":"https:\/\/www.caririemacao.com\/1\/wp-json\/wp\/v2\/posts\/156552\/revisions\/156554"}],"wp:featuredmedia":[{"embeddable":true,"href":"https:\/\/www.caririemacao.com\/1\/wp-json\/wp\/v2\/media\/156553"}],"wp:attachment":[{"href":"https:\/\/www.caririemacao.com\/1\/wp-json\/wp\/v2\/media?parent=156552"}],"wp:term":[{"taxonomy":"category","embeddable":true,"href":"https:\/\/www.caririemacao.com\/1\/wp-json\/wp\/v2\/categories?post=156552"},{"taxonomy":"post_tag","embeddable":true,"href":"https:\/\/www.caririemacao.com\/1\/wp-json\/wp\/v2\/tags?post=156552"}],"curies":[{"name":"wp","href":"https:\/\/api.w.org\/{rel}","templated":true}]}}