{"id":156560,"date":"2020-03-05T09:21:43","date_gmt":"2020-03-05T12:21:43","guid":{"rendered":"http:\/\/www.caririemacao.com\/1\/?p=156560"},"modified":"2020-03-05T09:21:44","modified_gmt":"2020-03-05T12:21:44","slug":"centro-de-especialidades-odontologicas-atende-280-pacientes-em-mutirao-em-monteiro","status":"publish","type":"post","link":"https:\/\/www.caririemacao.com\/1\/2020\/03\/05\/centro-de-especialidades-odontologicas-atende-280-pacientes-em-mutirao-em-monteiro\/","title":{"rendered":"Centro de Especialidades Odontol\u00f3gicas atende 280 pacientes em Mutir\u00e3o em Monteiro"},"content":{"rendered":"\n<p>A Secretaria de Sa\u00fade de Monteiro segue os trabalhos em todos os \u00f3rg\u00e3os do munic\u00edpio, no m\u00eas de fevereiro, o Centro de Especialidades Odontol\u00f3gicas \u2013 CEO, atendeu 280 pacientes do Mutir\u00e3o de Pr\u00f3teses.<\/p>\n\n\n\n<p>Durante os expedientes foram entregues 200 pr\u00f3teses e realizados 80 atendimentos de provas em cera e em dentes, que ser\u00e3o entregues posteriormente.<\/p>\n\n\n\n<p>Desenvolvido pela Secretaria Municipal de Sa\u00fade, o mutir\u00e3o de pr\u00f3teses dent\u00e1rias beneficia pacientes da zona urbana e rural com entregas de pr\u00f3teses totais, compostas pela arcada superior e inferior e pr\u00f3teses parciais remov\u00edveis \u2013 PPR.<\/p>\n\n\n\n<p>Com esta iniciativa, al\u00e9m de reduzir o tempo de espera para obter a pr\u00f3tese dent\u00e1ria, o munic\u00edpio tem o objetivo de proporcionar mais qualidade de vida aos pacientes. Sem a denti\u00e7\u00e3o completa, a pessoa sofre com uma mastiga\u00e7\u00e3o ineficiente, tem baixa autoestima, al\u00e9m de enfrentar dificuldades nas rela\u00e7\u00f5es sociais e profissionais.<\/p>\n\n\n\n<p>\u201cEstamos dando continuidade a essa importante a\u00e7\u00e3o da prefeita Anna Lorena. Pelo mutir\u00e3o de pr\u00f3teses dent\u00e1rias, n\u00f3s pudemos atender centenas e centenas de pacientes da zona urbana e rural, trazendo novamente a autoestima e proporcionando uma vida saud\u00e1vel e com mais qualidade a estas pessoas\u201d, detalhou a secret\u00e1ria de sa\u00fade, Paula Oliveira.<\/p>\n\n\n\n<div class=\"wp-block-image\"><figure class=\"alignleft\"><img decoding=\"async\" data-src=\"https:\/\/i2.wp.com\/www.vitrinedocariri.com.br\/wp-content\/uploads\/2020\/03\/Centro-de-Especialidades-Odontol%C3%B3gicas-atendem-280-pacientes-no-Mutir%C3%A3o-de-Pr%C3%B3teses-em-Monteiro-7.jpeg?resize=300%2C200&amp;ssl=1\" alt=\"\" class=\"wp-image-65464 lazyload\" src=\"data:image\/svg+xml;base64,PHN2ZyB3aWR0aD0iMSIgaGVpZ2h0PSIxIiB4bWxucz0iaHR0cDovL3d3dy53My5vcmcvMjAwMC9zdmciPjwvc3ZnPg==\" \/><\/figure><\/div>\n\n\n\n<p><strong>Atendimento<\/strong><\/p>\n\n\n\n<p>Para obter ou substituir sua pr\u00f3tese dent\u00e1ria, o paciente deve procurar a UBS mais pr\u00f3xima de sua resid\u00eancia, onde deve ser avaliado pelo dentista. Caso n\u00e3o seja preciso realizar nenhum procedimento pr\u00e9vio, como cirurgias ou extra\u00e7\u00f5es, ele \u00e9 inserido na lista de espera da rede municipal.<\/p>\n\n\n\n<p>Ao serem convocados, estes pacientes retiram a guia na UBS, documento que informa o dia e hor\u00e1rio da consulta no Centro de Especialidades Odontol\u00f3gicas. O tratamento para confec\u00e7\u00e3o das pr\u00f3teses inclui avalia\u00e7\u00f5es, moldes e testes, e \u00e9 necess\u00e1rio que o usu\u00e1rio compare\u00e7a em todos os retornos para obter suas pr\u00f3teses.<br>\u201cO principal objetivo das pr\u00f3teses dent\u00e1rias \u00e9 a transforma\u00e7\u00e3o da sa\u00fade bucal em todas as suas fun\u00e7\u00f5es: est\u00e9tica, mastiga\u00e7\u00e3o e fon\u00e9tica, proporcionando um belo sorriso e aumentando a autoestima dos pacientes. No mutir\u00e3o, os pacientes atendidos j\u00e1 v\u00e3o come\u00e7ar efetuando a moldagem e registro da mordida. Em seguida, a prova da pe\u00e7a com os dentes e, finalmente, a entrega da pe\u00e7a\u201d, explica Rosimere Matos, diretora do CEO.<\/p>\n","protected":false},"excerpt":{"rendered":"<p>A Secretaria de Sa\u00fade de Monteiro segue os trabalhos em todos os \u00f3rg\u00e3os do munic\u00edpio, no m\u00eas de fevereiro, o Centro de Especialidades Odontol\u00f3gicas \u2013&hellip; <\/p>\n","protected":false},"author":2,"featured_media":156561,"comment_status":"closed","ping_status":"closed","sticky":false,"template":"","format":"standard","meta":{"sfsi_plus_gutenberg_text_before_share":"","sfsi_plus_gutenberg_show_text_before_share":"","sfsi_plus_gutenberg_icon_type":"","sfsi_plus_gutenberg_icon_alignemt":"","sfsi_plus_gutenburg_max_per_row":"","footnotes":""},"categories":[2],"tags":[],"class_list":["post-156560","post","type-post","status-publish","format-standard","has-post-thumbnail","hentry","category-geral"],"_links":{"self":[{"href":"https:\/\/www.caririemacao.com\/1\/wp-json\/wp\/v2\/posts\/156560","targetHints":{"allow":["GET"]}}],"collection":[{"href":"https:\/\/www.caririemacao.com\/1\/wp-json\/wp\/v2\/posts"}],"about":[{"href":"https:\/\/www.caririemacao.com\/1\/wp-json\/wp\/v2\/types\/post"}],"author":[{"embeddable":true,"href":"https:\/\/www.caririemacao.com\/1\/wp-json\/wp\/v2\/users\/2"}],"replies":[{"embeddable":true,"href":"https:\/\/www.caririemacao.com\/1\/wp-json\/wp\/v2\/comments?post=156560"}],"version-history":[{"count":1,"href":"https:\/\/www.caririemacao.com\/1\/wp-json\/wp\/v2\/posts\/156560\/revisions"}],"predecessor-version":[{"id":156562,"href":"https:\/\/www.caririemacao.com\/1\/wp-json\/wp\/v2\/posts\/156560\/revisions\/156562"}],"wp:featuredmedia":[{"embeddable":true,"href":"https:\/\/www.caririemacao.com\/1\/wp-json\/wp\/v2\/media\/156561"}],"wp:attachment":[{"href":"https:\/\/www.caririemacao.com\/1\/wp-json\/wp\/v2\/media?parent=156560"}],"wp:term":[{"taxonomy":"category","embeddable":true,"href":"https:\/\/www.caririemacao.com\/1\/wp-json\/wp\/v2\/categories?post=156560"},{"taxonomy":"post_tag","embeddable":true,"href":"https:\/\/www.caririemacao.com\/1\/wp-json\/wp\/v2\/tags?post=156560"}],"curies":[{"name":"wp","href":"https:\/\/api.w.org\/{rel}","templated":true}]}}