{"id":156573,"date":"2020-03-05T10:05:40","date_gmt":"2020-03-05T13:05:40","guid":{"rendered":"http:\/\/www.caririemacao.com\/1\/?p=156573"},"modified":"2020-03-05T10:05:41","modified_gmt":"2020-03-05T13:05:41","slug":"cassio-devera-comandar-partido-de-bolsonaro-na-paraiba","status":"publish","type":"post","link":"https:\/\/www.caririemacao.com\/1\/2020\/03\/05\/cassio-devera-comandar-partido-de-bolsonaro-na-paraiba\/","title":{"rendered":"C\u00e1ssio dever\u00e1 comandar partido de Bolsonaro na Para\u00edba"},"content":{"rendered":"\n<p>Uma fonte que tr\u00e2nsita pelos corredores do Planalto informou ao&nbsp;que a nomea\u00e7\u00e3o do genro do ex-senador C\u00e1ssio Cunha Lima para a Sudene n\u00e3o foi \u00e0 toa. C\u00e1ssio dever\u00e1 assumir o partido de Bolsonaro na Para\u00edba, o Alian\u00e7a pelo Brasil.<\/p>\n\n\n\n<p>Um gesto perigoso para o ex-senador, que historicamente continua dando passos largos ao conservadorismo, mesmo sentindo os rev\u00e9s nas elei\u00e7\u00f5es e na sua imagem p\u00fablica. Mas ser\u00e1 bom para Bolsonaro ter uma lideran\u00e7a do porte de C\u00e1ssio comandando seu partido na elei\u00e7\u00e3o de 2022.<\/p>\n\n\n\n<p>A bola j\u00e1 tinha sido cantada pelo deputado Tovar Correia Lima durante a visita de Bolsonaro ao estado.<\/p>\n","protected":false},"excerpt":{"rendered":"<p>Uma fonte que tr\u00e2nsita pelos corredores do Planalto informou ao&nbsp;que a nomea\u00e7\u00e3o do genro do ex-senador C\u00e1ssio Cunha Lima para a Sudene n\u00e3o foi \u00e0&hellip; <\/p>\n","protected":false},"author":2,"featured_media":156574,"comment_status":"closed","ping_status":"closed","sticky":false,"template":"","format":"standard","meta":{"sfsi_plus_gutenberg_text_before_share":"","sfsi_plus_gutenberg_show_text_before_share":"","sfsi_plus_gutenberg_icon_type":"","sfsi_plus_gutenberg_icon_alignemt":"","sfsi_plus_gutenburg_max_per_row":"","footnotes":""},"categories":[11],"tags":[],"class_list":["post-156573","post","type-post","status-publish","format-standard","has-post-thumbnail","hentry","category-politica"],"_links":{"self":[{"href":"https:\/\/www.caririemacao.com\/1\/wp-json\/wp\/v2\/posts\/156573","targetHints":{"allow":["GET"]}}],"collection":[{"href":"https:\/\/www.caririemacao.com\/1\/wp-json\/wp\/v2\/posts"}],"about":[{"href":"https:\/\/www.caririemacao.com\/1\/wp-json\/wp\/v2\/types\/post"}],"author":[{"embeddable":true,"href":"https:\/\/www.caririemacao.com\/1\/wp-json\/wp\/v2\/users\/2"}],"replies":[{"embeddable":true,"href":"https:\/\/www.caririemacao.com\/1\/wp-json\/wp\/v2\/comments?post=156573"}],"version-history":[{"count":1,"href":"https:\/\/www.caririemacao.com\/1\/wp-json\/wp\/v2\/posts\/156573\/revisions"}],"predecessor-version":[{"id":156575,"href":"https:\/\/www.caririemacao.com\/1\/wp-json\/wp\/v2\/posts\/156573\/revisions\/156575"}],"wp:featuredmedia":[{"embeddable":true,"href":"https:\/\/www.caririemacao.com\/1\/wp-json\/wp\/v2\/media\/156574"}],"wp:attachment":[{"href":"https:\/\/www.caririemacao.com\/1\/wp-json\/wp\/v2\/media?parent=156573"}],"wp:term":[{"taxonomy":"category","embeddable":true,"href":"https:\/\/www.caririemacao.com\/1\/wp-json\/wp\/v2\/categories?post=156573"},{"taxonomy":"post_tag","embeddable":true,"href":"https:\/\/www.caririemacao.com\/1\/wp-json\/wp\/v2\/tags?post=156573"}],"curies":[{"name":"wp","href":"https:\/\/api.w.org\/{rel}","templated":true}]}}