{"id":156576,"date":"2020-03-05T10:06:56","date_gmt":"2020-03-05T13:06:56","guid":{"rendered":"http:\/\/www.caririemacao.com\/1\/?p=156576"},"modified":"2020-03-05T10:06:59","modified_gmt":"2020-03-05T13:06:59","slug":"secretario-do-estado-da-cultura-visita-caraubas-e-destaca-potencial-turistico-do-municipio","status":"publish","type":"post","link":"https:\/\/www.caririemacao.com\/1\/2020\/03\/05\/secretario-do-estado-da-cultura-visita-caraubas-e-destaca-potencial-turistico-do-municipio\/","title":{"rendered":"Secret\u00e1rio do Estado da Cultura visita Cara\u00fabas e destaca potencial tur\u00edstico do munic\u00edpio"},"content":{"rendered":"\n<p>Dando continuidade ao Projeto de cidade tur\u00edstica do cariri paraibano e ap\u00f3s o inicio do recebimento da infraestrutura necess\u00e1ria a desenvolver e receber projetos importantes na \u00e1rea cultural e tur\u00edstica, a cidade de Cara\u00fabas recebeu na tarde desta ter\u00e7a-feira, dia 3 de Mar\u00e7o do corrente, a visita do Secret\u00e1rio Executivo da Cultura do Estado da Para\u00edba, Milton Dornellas.<\/p>\n\n\n\n<p>Ele \u00e9 respons\u00e1vel por coordenar as a\u00e7\u00f5es do Projeto Circuito Som das Pedras que este ano ter\u00e1 mais uma vers\u00e3o com nome diferente. O projeto passar\u00e1 a ser chamado de Caminho das Pedras, que tem por objetivo reunir e valorizar artistas da terra e da cultura popular em ambientes que tradicionalmente j\u00e1 encantam por belezas naturais e pelo misticismo. O lan\u00e7amento acontece no Espa\u00e7o Cultural Jos\u00e9 Lins do R\u00eago, em Jo\u00e3o Pessoa, no dia 1 de Julho de 2020.<\/p>\n\n\n\n<p>O Circuito Caminho das Pedras vai percorrer de agosto a novembro os munic\u00edpios de Juru, Matureia, Monteiro, Teixeira, Princesa Isabel, Congo, Cabaceiras, Serra Grande, Queimadas e Boqueir\u00e3o. O que aproxima essas cidades, al\u00e9m da forte influ\u00eancia cultural, s\u00e3o os encantos da paisagem que formam um cen\u00e1rio natural das pedras, com o som ac\u00fastico em palco aberto.<\/p>\n\n\n\n<p>Encantado com o lajedo Cara\u00fabas, localizado as margens do Rio Para\u00edba onde no passado foi constru\u00eddo uma Casa de Pedra, o circuito Caminho das Pedras, Ano Cultural Mestre Sivuca incluir\u00e1 Cara\u00fabas neste roteiro cultural. Fiquei impressionado com este local. \u00c9 muito lindo contando com uma beleza natural perfeita, numa verdadeira sintonia meio ambiente e paisagismo. Sem falar que no m\u00eas de Outubro durante a flora\u00e7\u00e3o das Caraibeiras este espet\u00e1culo se transformar\u00e1 num dos pontos mais exuberantes e \u00fanico do circuito, disse o secret\u00e1rio executivo da cultura do Estado da Para\u00edba.<\/p>\n\n\n\n<p>A visita foi realizada in loco e acompanhada pela secret\u00e1ria do Turismo, Silvana Mylena, pela secret\u00e1ria da Assist\u00eancia Social, Fl\u00e1via Quirino, pelo Secret\u00e1rio do Planejamento e da Comunica\u00e7\u00e3o Institucional, jornalista Eduardo Belo e pelo adjunto da Assist\u00eancia Social, Patrick Batista.<\/p>\n\n\n\n<p>O evento conta com apoio de agentes culturais e a parceria das prefeituras municipais com a corealiza\u00e7\u00e3o do Governo do Estado e as Secretarias de Estado da Cultura, Turismo e a Empresa Paraibana de Turismo (PBTur), com apoio da Empresa Paraibana de Comunica\u00e7\u00e3o \u2013 EPC, e Sebrae, al\u00e9m da iniciativa privada. O Circuito Caminho das Pedras \u00e9 um projeto que fortalece o turismo cultural na Para\u00edba onde o grande palco \u00e9 a natureza.<\/p>\n\n\n\n<p>Fonte: SEPLACOM\/SECOM-PB<br>Foto: Marcos Fernandes<\/p>\n","protected":false},"excerpt":{"rendered":"<p>Dando continuidade ao Projeto de cidade tur\u00edstica do cariri paraibano e ap\u00f3s o inicio do recebimento da infraestrutura necess\u00e1ria a desenvolver e receber projetos importantes&hellip; <\/p>\n","protected":false},"author":2,"featured_media":156577,"comment_status":"closed","ping_status":"closed","sticky":false,"template":"","format":"standard","meta":{"sfsi_plus_gutenberg_text_before_share":"","sfsi_plus_gutenberg_show_text_before_share":"","sfsi_plus_gutenberg_icon_type":"","sfsi_plus_gutenberg_icon_alignemt":"","sfsi_plus_gutenburg_max_per_row":"","footnotes":""},"categories":[2],"tags":[],"class_list":["post-156576","post","type-post","status-publish","format-standard","has-post-thumbnail","hentry","category-geral"],"_links":{"self":[{"href":"https:\/\/www.caririemacao.com\/1\/wp-json\/wp\/v2\/posts\/156576","targetHints":{"allow":["GET"]}}],"collection":[{"href":"https:\/\/www.caririemacao.com\/1\/wp-json\/wp\/v2\/posts"}],"about":[{"href":"https:\/\/www.caririemacao.com\/1\/wp-json\/wp\/v2\/types\/post"}],"author":[{"embeddable":true,"href":"https:\/\/www.caririemacao.com\/1\/wp-json\/wp\/v2\/users\/2"}],"replies":[{"embeddable":true,"href":"https:\/\/www.caririemacao.com\/1\/wp-json\/wp\/v2\/comments?post=156576"}],"version-history":[{"count":1,"href":"https:\/\/www.caririemacao.com\/1\/wp-json\/wp\/v2\/posts\/156576\/revisions"}],"predecessor-version":[{"id":156578,"href":"https:\/\/www.caririemacao.com\/1\/wp-json\/wp\/v2\/posts\/156576\/revisions\/156578"}],"wp:featuredmedia":[{"embeddable":true,"href":"https:\/\/www.caririemacao.com\/1\/wp-json\/wp\/v2\/media\/156577"}],"wp:attachment":[{"href":"https:\/\/www.caririemacao.com\/1\/wp-json\/wp\/v2\/media?parent=156576"}],"wp:term":[{"taxonomy":"category","embeddable":true,"href":"https:\/\/www.caririemacao.com\/1\/wp-json\/wp\/v2\/categories?post=156576"},{"taxonomy":"post_tag","embeddable":true,"href":"https:\/\/www.caririemacao.com\/1\/wp-json\/wp\/v2\/tags?post=156576"}],"curies":[{"name":"wp","href":"https:\/\/api.w.org\/{rel}","templated":true}]}}