{"id":156580,"date":"2020-03-05T10:08:44","date_gmt":"2020-03-05T13:08:44","guid":{"rendered":"http:\/\/www.caririemacao.com\/1\/?p=156580"},"modified":"2020-03-05T10:08:45","modified_gmt":"2020-03-05T13:08:45","slug":"zabele-divulga-programacao-da-sua-20a-corrida-de-jegue-confira","status":"publish","type":"post","link":"https:\/\/www.caririemacao.com\/1\/2020\/03\/05\/zabele-divulga-programacao-da-sua-20a-corrida-de-jegue-confira\/","title":{"rendered":"Zabel\u00ea divulga programa\u00e7\u00e3o da sua 20\u00aa Corrida de Jegue; confira"},"content":{"rendered":"\n<p>O prefeito da cidade de Zabel\u00ea, Dalyson Neves, acaba de divulgar a programa\u00e7\u00e3o oficial da tradicional Corrida de Jegue do munic\u00edpio, que est\u00e1 em sua 20\u00aa edi\u00e7\u00e3o.<\/p>\n\n\n\n<p>Segundo o prefeito Dalyson, os shows ser\u00e3o realizados nos dias 2 e 3 de maio, e continuam sendo abertos ao p\u00fablico. J\u00e1 a corrida de jegue est\u00e1 programada para acontecer a partir das 15h00 do domingo (03).<\/p>\n\n\n\n<p><strong>Confira a programa\u00e7\u00e3o:<\/strong><\/p>\n\n\n\n<p><strong>S\u00e1bado (02\/05)<\/strong><\/p>\n\n\n\n<p>Vicente Nery<br>Cavaleiros do Forr\u00f3<\/p>\n\n\n\n<p><strong>Domingo (03\/05)<\/strong><\/p>\n\n\n\n<p>Mano Walter<br>Caninana<\/p>\n\n\n\n<p>Fonte:Cariri ligado<\/p>\n","protected":false},"excerpt":{"rendered":"<p>O prefeito da cidade de Zabel\u00ea, Dalyson Neves, acaba de divulgar a programa\u00e7\u00e3o oficial da tradicional Corrida de Jegue do munic\u00edpio, que est\u00e1 em sua&hellip; <\/p>\n","protected":false},"author":2,"featured_media":156581,"comment_status":"closed","ping_status":"closed","sticky":false,"template":"","format":"standard","meta":{"sfsi_plus_gutenberg_text_before_share":"","sfsi_plus_gutenberg_show_text_before_share":"","sfsi_plus_gutenberg_icon_type":"","sfsi_plus_gutenberg_icon_alignemt":"","sfsi_plus_gutenburg_max_per_row":"","footnotes":""},"categories":[2],"tags":[],"class_list":["post-156580","post","type-post","status-publish","format-standard","has-post-thumbnail","hentry","category-geral"],"_links":{"self":[{"href":"https:\/\/www.caririemacao.com\/1\/wp-json\/wp\/v2\/posts\/156580","targetHints":{"allow":["GET"]}}],"collection":[{"href":"https:\/\/www.caririemacao.com\/1\/wp-json\/wp\/v2\/posts"}],"about":[{"href":"https:\/\/www.caririemacao.com\/1\/wp-json\/wp\/v2\/types\/post"}],"author":[{"embeddable":true,"href":"https:\/\/www.caririemacao.com\/1\/wp-json\/wp\/v2\/users\/2"}],"replies":[{"embeddable":true,"href":"https:\/\/www.caririemacao.com\/1\/wp-json\/wp\/v2\/comments?post=156580"}],"version-history":[{"count":1,"href":"https:\/\/www.caririemacao.com\/1\/wp-json\/wp\/v2\/posts\/156580\/revisions"}],"predecessor-version":[{"id":156582,"href":"https:\/\/www.caririemacao.com\/1\/wp-json\/wp\/v2\/posts\/156580\/revisions\/156582"}],"wp:featuredmedia":[{"embeddable":true,"href":"https:\/\/www.caririemacao.com\/1\/wp-json\/wp\/v2\/media\/156581"}],"wp:attachment":[{"href":"https:\/\/www.caririemacao.com\/1\/wp-json\/wp\/v2\/media?parent=156580"}],"wp:term":[{"taxonomy":"category","embeddable":true,"href":"https:\/\/www.caririemacao.com\/1\/wp-json\/wp\/v2\/categories?post=156580"},{"taxonomy":"post_tag","embeddable":true,"href":"https:\/\/www.caririemacao.com\/1\/wp-json\/wp\/v2\/tags?post=156580"}],"curies":[{"name":"wp","href":"https:\/\/api.w.org\/{rel}","templated":true}]}}