{"id":156584,"date":"2020-03-05T10:44:44","date_gmt":"2020-03-05T13:44:44","guid":{"rendered":"http:\/\/www.caririemacao.com\/1\/?p=156584"},"modified":"2020-03-05T10:44:44","modified_gmt":"2020-03-05T13:44:44","slug":"caraubas-estrategia-da-saude-da-familia-inicia-campanha-em-comemoracao-ao-dia-internacional-da-mulher","status":"publish","type":"post","link":"https:\/\/www.caririemacao.com\/1\/2020\/03\/05\/caraubas-estrategia-da-saude-da-familia-inicia-campanha-em-comemoracao-ao-dia-internacional-da-mulher\/","title":{"rendered":"Cara\u00fabas: Estrat\u00e9gia da Sa\u00fade da Fam\u00edlia inicia campanha em comemora\u00e7\u00e3o ao Dia Internacional da Mulher"},"content":{"rendered":"\n<p>A Equipe do Estrat\u00e9gia da Sa\u00fade da Fam\u00edlia \u2013 ESFI, da cidade de Cara\u00fabas iniciou na manh\u00e3 desta quarta-feira, pela comunidade de Campos, uma roda de conversa com mulheres caraubenses e residentes naquela comunidade tratando de assuntos relativos ao feminicidio, sa\u00fade da mulher, a import\u00e2ncia da mulher na sociedade nos dias atuais e o papel da mulher na constru\u00e7\u00e3o da fam\u00edlia.<\/p>\n\n\n\n<p><br><\/p>\n\n\n\n<figure class=\"wp-block-image size-large\"><img fetchpriority=\"high\" decoding=\"async\" width=\"720\" height=\"540\" src=\"http:\/\/www.caririemacao.com\/1\/wp-content\/uploads\/2020\/03\/FB_IMG_1583405139670-1.jpg\" alt=\"\" class=\"wp-image-156588\" srcset=\"https:\/\/www.caririemacao.com\/1\/wp-content\/uploads\/2020\/03\/FB_IMG_1583405139670-1.jpg 720w, https:\/\/www.caririemacao.com\/1\/wp-content\/uploads\/2020\/03\/FB_IMG_1583405139670-1-300x225.jpg 300w\" sizes=\"(max-width: 720px) 100vw, 720px\" \/><\/figure>\n\n\n\n<p>Todas as atividades ser\u00e3o em homenagem ao Dia Internacional da Mulher que acontece no pr\u00f3ximo dia 8 de Mar\u00e7o. A coordena\u00e7\u00e3o da Aten\u00e7\u00e3o B\u00e1sica do munic\u00edpio, tendo a frente Dr. Reinier Miranda elaborou uma programa\u00e7\u00e3o voltada ao p\u00fablico feminino das comunidades rural e urbana.<\/p>\n\n\n\n<p><br><\/p>\n\n\n\n<figure class=\"wp-block-image size-large\"><img decoding=\"async\" width=\"720\" height=\"540\" data-src=\"http:\/\/www.caririemacao.com\/1\/wp-content\/uploads\/2020\/03\/FB_IMG_1583405142242-2.jpg\" alt=\"\" class=\"wp-image-156589 lazyload\" data-srcset=\"https:\/\/www.caririemacao.com\/1\/wp-content\/uploads\/2020\/03\/FB_IMG_1583405142242-2.jpg 720w, https:\/\/www.caririemacao.com\/1\/wp-content\/uploads\/2020\/03\/FB_IMG_1583405142242-2-300x225.jpg 300w\" data-sizes=\"(max-width: 720px) 100vw, 720px\" src=\"data:image\/svg+xml;base64,PHN2ZyB3aWR0aD0iMSIgaGVpZ2h0PSIxIiB4bWxucz0iaHR0cDovL3d3dy53My5vcmcvMjAwMC9zdmciPjwvc3ZnPg==\" style=\"--smush-placeholder-width: 720px; --smush-placeholder-aspect-ratio: 720\/540;\" \/><\/figure>\n\n\n\n<p>Nesta primeira roda de conversa com as mulheres a enfermeira Poliana e a cirurgi\u00e3 dentista Daniella Braz tiraram d\u00favidas e responderam a questionamentos realizados pelo grupo de mulheres da comunidade de Campos. Foi uma manh\u00e3 bem proveitosa, pois, tivemos a oportunidade de juntas esclarecer sobre os principais problemas que vem afligindo as mulheres na sociedade atual, a exemplo do feminic\u00eddio&#8221;, argumentos a enfermeira Poliana.<br><\/p>\n\n\n\n<p>As a\u00e7\u00f5es ser\u00e3o desenvolvidas em todas as \u00e1reas de atua\u00e7\u00e3o da Equipe do Estrat\u00e9gia da Sa\u00fade da Fam\u00edlia que tamb\u00e9m contemplar\u00e1 as comunidades de Ponta de Serra, Passagem, Cor\u00f3, Severo, Curralinho, Salgadinho e a cidade de Cara\u00fabas.<br><\/p>\n\n\n\n<p>&#8220;No m\u00eas dedicado a mulher, devemos celebrar essa data com muito orgulho por termos alcan\u00e7ado conquistas importantes ao longo de todo hist\u00f3ria. Em Cara\u00fabas tamb\u00e9m n\u00e3o foi e nem ser\u00e1 diferente, temos muitos exemplos de mulheres guerreiras e de muita luta&#8221;, concluiu Poliana.<\/p>\n\n\n\n<p>Fonte: SEPLACOM<br>Foto: Poliana (Enfermeira)<\/p>\n","protected":false},"excerpt":{"rendered":"<p>A Equipe do Estrat\u00e9gia da Sa\u00fade da Fam\u00edlia \u2013 ESFI, da cidade de Cara\u00fabas iniciou na manh\u00e3 desta quarta-feira, pela comunidade de Campos, uma roda&hellip; <\/p>\n","protected":false},"author":1,"featured_media":156587,"comment_status":"closed","ping_status":"closed","sticky":false,"template":"","format":"standard","meta":{"sfsi_plus_gutenberg_text_before_share":"","sfsi_plus_gutenberg_show_text_before_share":"","sfsi_plus_gutenberg_icon_type":"","sfsi_plus_gutenberg_icon_alignemt":"","sfsi_plus_gutenburg_max_per_row":"","footnotes":""},"categories":[6,50],"tags":[],"class_list":["post-156584","post","type-post","status-publish","format-standard","has-post-thumbnail","hentry","category-cidades","category-destaque"],"_links":{"self":[{"href":"https:\/\/www.caririemacao.com\/1\/wp-json\/wp\/v2\/posts\/156584","targetHints":{"allow":["GET"]}}],"collection":[{"href":"https:\/\/www.caririemacao.com\/1\/wp-json\/wp\/v2\/posts"}],"about":[{"href":"https:\/\/www.caririemacao.com\/1\/wp-json\/wp\/v2\/types\/post"}],"author":[{"embeddable":true,"href":"https:\/\/www.caririemacao.com\/1\/wp-json\/wp\/v2\/users\/1"}],"replies":[{"embeddable":true,"href":"https:\/\/www.caririemacao.com\/1\/wp-json\/wp\/v2\/comments?post=156584"}],"version-history":[{"count":2,"href":"https:\/\/www.caririemacao.com\/1\/wp-json\/wp\/v2\/posts\/156584\/revisions"}],"predecessor-version":[{"id":156590,"href":"https:\/\/www.caririemacao.com\/1\/wp-json\/wp\/v2\/posts\/156584\/revisions\/156590"}],"wp:featuredmedia":[{"embeddable":true,"href":"https:\/\/www.caririemacao.com\/1\/wp-json\/wp\/v2\/media\/156587"}],"wp:attachment":[{"href":"https:\/\/www.caririemacao.com\/1\/wp-json\/wp\/v2\/media?parent=156584"}],"wp:term":[{"taxonomy":"category","embeddable":true,"href":"https:\/\/www.caririemacao.com\/1\/wp-json\/wp\/v2\/categories?post=156584"},{"taxonomy":"post_tag","embeddable":true,"href":"https:\/\/www.caririemacao.com\/1\/wp-json\/wp\/v2\/tags?post=156584"}],"curies":[{"name":"wp","href":"https:\/\/api.w.org\/{rel}","templated":true}]}}